{"id":2703,"date":"2025-04-29T21:01:30","date_gmt":"2025-04-29T21:01:30","guid":{"rendered":"https:\/\/informacionlocal.es\/die-stadtverwaltung-von-puerto-del-rosario-foerdert-ein-projekt-zur-umwelterziehung-von-schulkindern\/"},"modified":"2025-04-29T21:01:30","modified_gmt":"2025-04-29T21:01:30","slug":"die-stadtverwaltung-von-puerto-del-rosario-foerdert-ein-projekt-zur-umwelterziehung-von-schulkindern","status":"publish","type":"post","link":"https:\/\/informacionlocal.es\/de\/die-stadtverwaltung-von-puerto-del-rosario-foerdert-ein-projekt-zur-umwelterziehung-von-schulkindern\/","title":{"rendered":"Die Stadtverwaltung von Puerto del Rosario f\u00f6rdert ein Projekt zur Umwelterziehung von Schulkindern."},"content":{"rendered":"<div class=\"entry-content\">\n<p>Die Stadtverwaltung von Puerto del Rosario hat \u00fcber das Bildungsministerium ein Projekt zur Umwelterziehung ins Leben gerufen, das sich an alle Schulkinder der Gemeinde richtet und die Kenntnis, den Respekt und die Erhaltung der nat\u00fcrlichen und kulturellen Umwelt f\u00f6rdern soll.<\/p>\n<p>Die Initiative, die von dem spezialisierten Unternehmen <strong>&#8222;Naturalmente&#8220;<\/strong> entwickelt wurde <strong>,<\/strong> bietet Sch\u00fclern die M\u00f6glichkeit, an gef\u00fchrten Touren entlang der K\u00fcste von Puerto del Rosario teilzunehmen. Auf diesen Routen k\u00f6nnen die Sch\u00fcler symboltr\u00e4chtige Infrastrukturen kennenlernen und den historischen und kulturellen Reichtum der Gemeinde sowie ihre wichtigsten geografischen Merkmale entdecken. <\/p>\n<p>Der B\u00fcrgermeister von Puerto del Rosario, <strong>David de Vera<\/strong>, betonte die Bedeutung dieser Art von Ma\u00dfnahmen f\u00fcr die neuen Generationen: <em>&#8222;Wir wollen, dass unsere jungen Menschen mit einem starken Gef\u00fchl der Zugeh\u00f6rigkeit und Verantwortung gegen\u00fcber ihrer Umwelt aufwachsen. Wenn wir auf Umwelterziehung setzen, setzen wir auf eine nachhaltigere und respektvollere Zukunft mit unserem nat\u00fcrlichen Erbe&#8220;, sagte er<\/em>.<\/p>\n<p>Der Stadtrat f\u00fcr Bildung, <strong>Juan Manuel Verdugo<\/strong>, unterstrich seinerseits das Engagement der Stadtverwaltung f\u00fcr eine umfassende Bildung der Sch\u00fcler: <em>&#8222;Es ist die Aufgabe aller, sich um das zu k\u00fcmmern, was uns geh\u00f6rt. Mit diesem Projekt wollen wir unsere Sch\u00fcler f\u00fcr die Bedeutung des Umweltschutzes sensibilisieren und ihnen die Traditionen und Reicht\u00fcmer unserer Gemeinde nahebringen&#8220;,<\/em> erkl\u00e4rte er.<\/p>\n<p>Das Projekt ist Teil der von der Stadtverwaltung gef\u00f6rderten Ma\u00dfnahmen zur F\u00f6rderung der Nachhaltigkeit, des Umweltbewusstseins und des Kampfes gegen den Klimawandel und festigt damit das Engagement von Puerto del Rosario f\u00fcr die Ziele f\u00fcr nachhaltige Entwicklung (SDGs).<\/p>\n<\/div>\n","protected":false},"excerpt":{"rendered":"<p>Die Stadtverwaltung von Puerto del Rosario hat \u00fcber das Bildungsministerium ein Projekt zur Umwelterziehung ins Leben gerufen, das sich an alle Schulkinder der Gemeinde richtet und die Kenntnis, den Respekt [&hellip;]<\/p>\n","protected":false},"author":1,"featured_media":2700,"comment_status":"open","ping_status":"open","sticky":false,"template":"","format":"standard","meta":{"inline_featured_image":false,"jnews-multi-image_gallery":[],"jnews_single_post":[],"jnews_primary_category":[],"jnews_social_meta":[],"jnews_override_counter":[],"jnews_post_split":[],"footnotes":""},"categories":[293],"tags":[306,199],"class_list":["post-2703","post","type-post","status-publish","format-standard","has-post-thumbnail","hentry","category-puerto-del-rosario-de","tag-educacion-de","tag-umwelt"],"jetpack_featured_media_url":"https:\/\/informacionlocal.es\/wp-content\/uploads\/2025\/04\/medio-ambiente-22-verdugo-280425-monitores.jpg","_links":{"self":[{"href":"https:\/\/informacionlocal.es\/de\/wp-json\/wp\/v2\/posts\/2703","targetHints":{"allow":["GET"]}}],"collection":[{"href":"https:\/\/informacionlocal.es\/de\/wp-json\/wp\/v2\/posts"}],"about":[{"href":"https:\/\/informacionlocal.es\/de\/wp-json\/wp\/v2\/types\/post"}],"author":[{"embeddable":true,"href":"https:\/\/informacionlocal.es\/de\/wp-json\/wp\/v2\/users\/1"}],"replies":[{"embeddable":true,"href":"https:\/\/informacionlocal.es\/de\/wp-json\/wp\/v2\/comments?post=2703"}],"version-history":[{"count":0,"href":"https:\/\/informacionlocal.es\/de\/wp-json\/wp\/v2\/posts\/2703\/revisions"}],"wp:featuredmedia":[{"embeddable":true,"href":"https:\/\/informacionlocal.es\/de\/wp-json\/wp\/v2\/media\/2700"}],"wp:attachment":[{"href":"https:\/\/informacionlocal.es\/de\/wp-json\/wp\/v2\/media?parent=2703"}],"wp:term":[{"taxonomy":"category","embeddable":true,"href":"https:\/\/informacionlocal.es\/de\/wp-json\/wp\/v2\/categories?post=2703"},{"taxonomy":"post_tag","embeddable":true,"href":"https:\/\/informacionlocal.es\/de\/wp-json\/wp\/v2\/tags?post=2703"}],"curies":[{"name":"wp","href":"https:\/\/api.w.org\/{rel}","templated":true}]}}