{"id":2691,"date":"2025-04-29T14:05:40","date_gmt":"2025-04-29T14:05:40","guid":{"rendered":"https:\/\/informacionlocal.es\/die-36-island-crafts-fair-wird-in-diesem-jahr-von-zwei-festlichkeiten-begleitet\/"},"modified":"2025-04-29T14:05:40","modified_gmt":"2025-04-29T14:05:40","slug":"die-36-island-crafts-fair-wird-in-diesem-jahr-von-zwei-festlichkeiten-begleitet","status":"publish","type":"post","link":"https:\/\/informacionlocal.es\/de\/die-36-island-crafts-fair-wird-in-diesem-jahr-von-zwei-festlichkeiten-begleitet\/","title":{"rendered":"Die 36. Island Crafts Fair wird in diesem Jahr von zwei Festlichkeiten begleitet"},"content":{"rendered":"<div class=\"elementor-widget-container\">\n<p><strong>Die 36. Island Crafts Fair wird in diesem Jahr von zwei Festlichkeiten begleitet<\/strong><\/p>\n<p><strong>&#8211; Zwischen den Feierlichkeiten zum Tag der Arbeit und zum Muttertag feiert die Messe die Arbeit des Handwerks als Kunsthandwerk und zeigt auf, wie man der Rolle der Mutter am besten mit Handwerkskunst aus edlen und hochwertigen Materialien danken kann.  <\/strong><br \/><strong>&#8211; Die Anwesenheit von rund 200 Handwerkern und Handwerkerinnen von den Kanarischen Inseln wurde best\u00e4tigt.  <\/strong><br \/><strong>&#8211; Die 36. Kunsthandwerksmesse der Insel Fuerteventura 2025 beginnt am Donnerstag, den 1. Mai um 18:00 Uhr.<\/strong><\/p>\n<p>Sechsunddrei\u00dfig Jahre lang wird die Handwerksmesse auf der Insel gefeiert, und dieses Jahr ist sie zum ersten Mal zwischen den beiden Hauptfesten, mit denen der Monat Mai beginnt, dem Tag der Arbeit und dem Muttertag, eingebettet, sagt der B\u00fcrgermeister von Antigua, Mat\u00edas Pe\u00f1a, etwas, das zweifellos die Teilnahme von anderen Inseln wie Lanzarote und Gran Canaria sowie von Touristen und Majoreros und Majoreras aus allen Gemeinden beg\u00fcnstigt.<\/p>\n<p>Der B\u00fcrgermeister ist dankbar f\u00fcr die Unterst\u00fctzung des Cabildo von Fuerteventura, das \u00fcber seine Handwerksabteilung nicht nur seinen Beitrag zu diesem Hauptereignis verdoppelt hat, sondern auch seine Einnahmen erh\u00f6ht hat, um zu den wichtigen Kosten beizutragen, die das Rathaus von Antigua seit sechsunddrei\u00dfig Jahren finanziert hat.<\/p>\n<p>An diesem Donnerstag um 18:00 Uhr werden wir das Band durchschneiden, um eine neue und aufregende Ausgabe der Kunsthandwerksmesse auf der Insel zu starten, sagt der Stadtrat f\u00fcr Kultur, Jonathan Pe\u00f1a, bei der wir mit unseren Eink\u00e4ufen einen Sektor genie\u00dfen und unterst\u00fctzen k\u00f6nnen, der uns mit seinem Handwerk Identit\u00e4t, Avantgarde und Tradition bietet.<\/p>\n<p>Gemeinsam mit den freiwilligen Helfern der Fundaci\u00f3n Colectivo Mafasca arbeiten wir an allen Details, um den Handwerkern und Kunsthandwerkern einen optimalen Empfang zu bereiten und allen Besuchern den gr\u00f6\u00dftm\u00f6glichen Komfort zu bieten&#8220;, schlie\u00dft die Stadtr\u00e4tin, die auch ein umfangreiches Programm mit Handwerksworkshops zum Erlernen des Handwerks, musikalischen Darbietungen von Folkloregruppen aus jeder Gemeinde sowie Konzerten von Paco Perera, Silvestre Ram\u00edrez und den bereits angek\u00fcndigten Los Gofiones anbietet.<\/p>\n<\/div>\n","protected":false},"excerpt":{"rendered":"<p><strong>Die 36. Island Crafts Fair wird in diesem Jahr von zwei Festlichkeiten begleitet<\/strong><\/p>\n","protected":false},"author":1,"featured_media":2688,"comment_status":"open","ping_status":"open","sticky":false,"template":"","format":"standard","meta":{"inline_featured_image":false,"jnews-multi-image_gallery":[],"jnews_single_post":[],"jnews_primary_category":[],"jnews_social_meta":[],"jnews_override_counter":[],"jnews_post_split":[],"footnotes":""},"categories":[283],"tags":[216,196],"class_list":["post-2691","post","type-post","status-publish","format-standard","has-post-thumbnail","hentry","category-antigua-de","tag-fuerteventura-de","tag-gemeinden"],"jetpack_featured_media_url":"https:\/\/informacionlocal.es\/wp-content\/uploads\/2025\/04\/fia-25-1.jpg","_links":{"self":[{"href":"https:\/\/informacionlocal.es\/de\/wp-json\/wp\/v2\/posts\/2691","targetHints":{"allow":["GET"]}}],"collection":[{"href":"https:\/\/informacionlocal.es\/de\/wp-json\/wp\/v2\/posts"}],"about":[{"href":"https:\/\/informacionlocal.es\/de\/wp-json\/wp\/v2\/types\/post"}],"author":[{"embeddable":true,"href":"https:\/\/informacionlocal.es\/de\/wp-json\/wp\/v2\/users\/1"}],"replies":[{"embeddable":true,"href":"https:\/\/informacionlocal.es\/de\/wp-json\/wp\/v2\/comments?post=2691"}],"version-history":[{"count":0,"href":"https:\/\/informacionlocal.es\/de\/wp-json\/wp\/v2\/posts\/2691\/revisions"}],"wp:featuredmedia":[{"embeddable":true,"href":"https:\/\/informacionlocal.es\/de\/wp-json\/wp\/v2\/media\/2688"}],"wp:attachment":[{"href":"https:\/\/informacionlocal.es\/de\/wp-json\/wp\/v2\/media?parent=2691"}],"wp:term":[{"taxonomy":"category","embeddable":true,"href":"https:\/\/informacionlocal.es\/de\/wp-json\/wp\/v2\/categories?post=2691"},{"taxonomy":"post_tag","embeddable":true,"href":"https:\/\/informacionlocal.es\/de\/wp-json\/wp\/v2\/tags?post=2691"}],"curies":[{"name":"wp","href":"https:\/\/api.w.org\/{rel}","templated":true}]}}