{"id":2668,"date":"2025-04-29T12:13:37","date_gmt":"2025-04-29T12:13:37","guid":{"rendered":"https:\/\/informacionlocal.es\/in-der-geschichte-der-rallye-weltmeisterschaft-taucht-der-name-des-jungen-antiguanischen-beifahrers-jonathan-hernandez-auf\/"},"modified":"2025-04-29T12:13:37","modified_gmt":"2025-04-29T12:13:37","slug":"in-der-geschichte-der-rallye-weltmeisterschaft-taucht-der-name-des-jungen-antiguanischen-beifahrers-jonathan-hernandez-auf","status":"publish","type":"post","link":"https:\/\/informacionlocal.es\/de\/in-der-geschichte-der-rallye-weltmeisterschaft-taucht-der-name-des-jungen-antiguanischen-beifahrers-jonathan-hernandez-auf\/","title":{"rendered":"In der Geschichte der Rallye-Weltmeisterschaft taucht der Name des jungen antiguanischen Beifahrers Jonathan Hern\u00e1ndez auf."},"content":{"rendered":"<div class=\"elementor-widget-container\">\n<p><strong>In der Geschichte der Rallye-Weltmeisterschaft taucht der Name des jungen antiguanischen Beifahrers Jonathan Hern\u00e1ndez auf.<\/strong><\/p>\n<p><strong>&#8211; Antigua gratuliert dem Beifahrer Jonathan Hern\u00e1ndez zur fabelhaften Teilnahme an der Rally de Canarias-Rally de Espa\u00f1a, die zur Weltmeisterschaft z\u00e4hlt.<\/strong><\/p>\n<p><strong>&#8211; Ein wahr gewordener Traum, der sich auf dem Asphalt der Inseln und Halbinseln mit voller Geschwindigkeit fortsetzt.<\/strong><\/p>\n<p><strong>&#8211; Der Fahrer Juan Carlos Quintana und sein Beifahrer Jonathan Hernandez konnten sich als 14. in der WRC2 und als 2. im WRC MASTER CUP qualifizieren.<\/strong><\/p>\n<p>Der B\u00fcrgermeister von Antigua, Mat\u00edas Pe\u00f1a Garc\u00eda, begl\u00fcckw\u00fcnscht die beeindruckende Karriere des jungen Beifahrers Jonathan Hern\u00e1ndez, der es zusammen mit dem Fahrer Juan Carlos Quintana geschafft hat, sich unter den Besten zu positionieren, 14. in der WRC2 und 2. im WRC MASTER CUP. Und wie Jonathan sagt, hat er sich damit einen Traum erf\u00fcllt, seinen Namen in der Wertung einer Weltmeisterschaft zu sehen. <\/p>\n<p>Es war eine unglaubliche Erfahrung, sagt Jonathan, ein Ereignis, das viel Arbeit erfordert, aber die Genugtuung, es zu beenden, ist immens.<\/p>\n<p>Viele Kilometer, viele Anekdoten und vor allem habe ich viel Neues gelernt, und als Beifahrer werde ich mich immer an die W\u00e4rme und Zuneigung aller Fans erinnern, vor allem an die Freunde, die dabei waren, oder an Familienmitglieder wie meinen Vater An\u00edbal, der immer bei mir war.<\/p>\n<p>Danke auch an Juan Carlos, dass er auf mich z\u00e4hlen wollte, um sich diesen Traum gemeinsam zu erf\u00fcllen, an einem WM-Event teilzunehmen, und abschlie\u00dfend an Jonathan Hernandez, seinen Namen in der Geschichte einer Weltmeisterschaft zu sehen, sieht man nicht alle Tage, es hat sich total gelohnt und ich w\u00fcrde es noch tausendmal wiederholen.<\/p>\n<\/div>\n","protected":false},"excerpt":{"rendered":"<p><strong>In der Geschichte der Rallye-Weltmeisterschaft taucht der Name des jungen antiguanischen Beifahrers Jonathan Hern\u00e1ndez auf.<\/strong><\/p>\n","protected":false},"author":1,"featured_media":2664,"comment_status":"open","ping_status":"open","sticky":false,"template":"","format":"standard","meta":{"inline_featured_image":false,"jnews-multi-image_gallery":[],"jnews_single_post":[],"jnews_primary_category":[],"jnews_social_meta":[],"jnews_override_counter":[],"jnews_post_split":[],"footnotes":""},"categories":[283],"tags":[],"class_list":["post-2668","post","type-post","status-publish","format-standard","has-post-thumbnail","hentry","category-antigua-de"],"jetpack_featured_media_url":"https:\/\/informacionlocal.es\/wp-content\/uploads\/2025\/04\/fantastica-actuacion-de-jonathan-hernandez-y-juan-carlos-quintana.jpg","_links":{"self":[{"href":"https:\/\/informacionlocal.es\/de\/wp-json\/wp\/v2\/posts\/2668","targetHints":{"allow":["GET"]}}],"collection":[{"href":"https:\/\/informacionlocal.es\/de\/wp-json\/wp\/v2\/posts"}],"about":[{"href":"https:\/\/informacionlocal.es\/de\/wp-json\/wp\/v2\/types\/post"}],"author":[{"embeddable":true,"href":"https:\/\/informacionlocal.es\/de\/wp-json\/wp\/v2\/users\/1"}],"replies":[{"embeddable":true,"href":"https:\/\/informacionlocal.es\/de\/wp-json\/wp\/v2\/comments?post=2668"}],"version-history":[{"count":0,"href":"https:\/\/informacionlocal.es\/de\/wp-json\/wp\/v2\/posts\/2668\/revisions"}],"wp:featuredmedia":[{"embeddable":true,"href":"https:\/\/informacionlocal.es\/de\/wp-json\/wp\/v2\/media\/2664"}],"wp:attachment":[{"href":"https:\/\/informacionlocal.es\/de\/wp-json\/wp\/v2\/media?parent=2668"}],"wp:term":[{"taxonomy":"category","embeddable":true,"href":"https:\/\/informacionlocal.es\/de\/wp-json\/wp\/v2\/categories?post=2668"},{"taxonomy":"post_tag","embeddable":true,"href":"https:\/\/informacionlocal.es\/de\/wp-json\/wp\/v2\/tags?post=2668"}],"curies":[{"name":"wp","href":"https:\/\/api.w.org\/{rel}","templated":true}]}}