{"id":2655,"date":"2025-04-29T05:38:14","date_gmt":"2025-04-29T05:38:14","guid":{"rendered":"https:\/\/informacionlocal.es\/puerto-del-rosario-foerdert-die-versoehnung-von-familien-mit-dem-projekt-versoehnung-und-mitverantwortung-202\/"},"modified":"2025-04-29T05:38:14","modified_gmt":"2025-04-29T05:38:14","slug":"puerto-del-rosario-foerdert-die-versoehnung-von-familien-mit-dem-projekt-versoehnung-und-mitverantwortung-202","status":"publish","type":"post","link":"https:\/\/informacionlocal.es\/de\/puerto-del-rosario-foerdert-die-versoehnung-von-familien-mit-dem-projekt-versoehnung-und-mitverantwortung-202\/","title":{"rendered":"Puerto del Rosario f\u00f6rdert die Vers\u00f6hnung von Familien mit dem Projekt &#8222;Vers\u00f6hnung und Mitverantwortung 202&#8220;."},"content":{"rendered":"<div class=\"entry-content\">\n<p><strong>Puerto del Rosario nimmt als einzige Gemeinde Fuerteventuras am Plan Co-responsible teil und erh\u00e4lt einen Zuschuss von 000 Euro zur F\u00f6rderung der famili\u00e4ren Vers\u00f6hnung.<\/strong><\/p>\n<p>Die Stadtverwaltung von Puerto del Rosario hat in Zusammenarbeit mit der Federaci\u00f3n Insular Majorera de Padres, Madres y Alumnado (FIMAPA) eine Vereinbarung zur Durchf\u00fchrung des Projekts <strong>&#8222;Conciliaci\u00f3n Corresponsables 2025&#8220;<\/strong> im Rahmen des <strong>Plan Corresponsables<\/strong> unterzeichnet, der vom Ministerium f\u00fcr Gleichstellung \u00fcber das Staatssekretariat f\u00fcr Gleichstellung und f\u00fcr die Beseitigung von Gewalt gegen Frauen gef\u00f6rdert wird.<\/p>\n<p>Dank dieser Vereinbarung ist die Gemeinde <strong>die einzige auf Fuerteventura<\/strong>, die in den Genuss dieser staatlichen Subvention kommt. Sie erh\u00e4lt <strong>100.000 Euro<\/strong>, um die Vereinbarkeit von Privat-, Familien- und Berufsleben f\u00fcr Familien zu f\u00f6rdern.<\/p>\n<p>Das Hauptziel des 2021 gestarteten <strong>Plans Corresponsables<\/strong> besteht darin, das Recht auf Pflege in Spanien unter dem Gesichtspunkt der Gleichstellung der Geschlechter gem\u00e4\u00df Artikel 44 des Organgesetzes 3\/2007 vom 22. M\u00e4rz zu konsolidieren. Durch dieses Programm wird die Einrichtung von Betreuungsdiensten f\u00fcr Minderj\u00e4hrige bis 16 Jahre gef\u00f6rdert, w\u00e4hrend gleichzeitig hochwertige Arbeitspl\u00e4tze im Betreuungssektor geschaffen werden sollen. <\/p>\n<p>Das Projekt &#8222;Conciliaci\u00f3n Corresponsables 2025&#8220; umfasst eine breite Palette von Aktivit\u00e4ten f\u00fcr Kinder zwischen <strong>3 und 16 Jahren<\/strong> in \u00f6ffentlichen und privaten R\u00e4umen in der Gemeinde, darunter <strong>Sommercamps<\/strong>, <strong>Fr\u00fch- und Sp\u00e4tdienste<\/strong>, die von den AMPAs von Puerto del Rosario organisiert werden, sowie <strong>p\u00e4dagogische Freizeitaktivit\u00e4ten an Wochenenden<\/strong>.<\/p>\n<p>Das <strong>&#8222;Los Baifitos&#8220;-Camp<\/strong> wird eine der wichtigsten Initiativen dieses Projekts sein. Es findet vom <strong>30. Juni bis zum 8. August<\/strong> statt, mit <strong>40 Kindern pro Woche<\/strong> und insgesamt <strong>240 Teilnehmern<\/strong> \u00fcber sechs Wochen. Die <strong>Anmeldefrist<\/strong> beginnt am <strong>Dienstag<\/strong><strong>, den<\/strong><strong> 29. April<\/strong>, und gilt so lange, bis die Kapazit\u00e4t f\u00fcr jede Woche erreicht ist.  <\/p>\n<p>Der B\u00fcrgermeister von Puerto del Rosario, <strong>David de Vera<\/strong>, unterstrich die Bedeutung dieser Initiative: <em>&#8222;Dieses Projekt spiegelt unser festes Engagement f\u00fcr Gleichberechtigung und soziale Wohlfahrt wider und bietet Familien echte Alternativen, um ihr Arbeits- und Privatleben w\u00e4hrend der Sommermonate zu vereinbaren&#8220;.<\/em><\/p>\n<p>Die Stadtr\u00e4tin f\u00fcr Gleichstellung, <strong>Tacoremi Guti\u00e9rrez<\/strong>, betonte:<br \/><em>&#8222;Wir wollen sichere, spielerische und lehrreiche R\u00e4ume f\u00fcr Kinder und Jugendliche schaffen, um die Last der Betreuung zu verringern, die in der Vergangenheit ungleich auf den Frauen lastete&#8220;.<\/em><\/p>\n<p>Die Pr\u00e4sidentin der FIMAPA, <strong>Grimanesa Gonz\u00e1lez<\/strong>, \u00e4u\u00dferte sich abschlie\u00dfend zufrieden \u00fcber die getroffene Vereinbarung: <em>&#8222;Die FIMAPA freut sich, Teil dieses dringend ben\u00f6tigten Projekts zu sein, das vielen Kindern in Puerto del Rosario einen Sommer voller Lernen, Sport und Spa\u00df erm\u00f6glichen wird, w\u00e4hrend ihre Familien ein solides und engagiertes Unterst\u00fctzungsnetz haben&#8220;.<\/em><\/p>\n<p>Mit der Umsetzung des Projekts &#8222;Conciliaci\u00f3n Corresponsables 2025&#8220; bekr\u00e4ftigt Puerto del Rosario seine Vorreiterrolle im Engagement f\u00fcr \u00f6ffentliche Ma\u00dfnahmen zur Vereinbarkeit von Beruf und Familie, Gleichberechtigung und Kinderf\u00fcrsorge und festigt damit seine Stellung als Vorreitergemeinde auf dem Weg zu einer gerechteren und integrativeren Gesellschaft.<\/p>\n<\/div>\n","protected":false},"excerpt":{"rendered":"<p>Puerto del Rosario nimmt als einzige Gemeinde Fuerteventuras am Plan Co-responsible teil und erh\u00e4lt einen Zuschuss von 000 Euro zur F\u00f6rderung der famili\u00e4ren Vers\u00f6hnung. Die Stadtverwaltung von Puerto del Rosario [&hellip;]<\/p>\n","protected":false},"author":1,"featured_media":2652,"comment_status":"open","ping_status":"open","sticky":false,"template":"","format":"standard","meta":{"inline_featured_image":false,"jnews-multi-image_gallery":[],"jnews_single_post":[],"jnews_primary_category":[],"jnews_social_meta":[],"jnews_override_counter":[],"jnews_post_split":[],"footnotes":""},"categories":[293],"tags":[216],"class_list":["post-2655","post","type-post","status-publish","format-standard","has-post-thumbnail","hentry","category-puerto-del-rosario-de","tag-fuerteventura-de"],"jetpack_featured_media_url":"https:\/\/informacionlocal.es\/wp-content\/uploads\/2025\/04\/conciliacion-22-familiar-grupo-y-tv.jpg","_links":{"self":[{"href":"https:\/\/informacionlocal.es\/de\/wp-json\/wp\/v2\/posts\/2655","targetHints":{"allow":["GET"]}}],"collection":[{"href":"https:\/\/informacionlocal.es\/de\/wp-json\/wp\/v2\/posts"}],"about":[{"href":"https:\/\/informacionlocal.es\/de\/wp-json\/wp\/v2\/types\/post"}],"author":[{"embeddable":true,"href":"https:\/\/informacionlocal.es\/de\/wp-json\/wp\/v2\/users\/1"}],"replies":[{"embeddable":true,"href":"https:\/\/informacionlocal.es\/de\/wp-json\/wp\/v2\/comments?post=2655"}],"version-history":[{"count":0,"href":"https:\/\/informacionlocal.es\/de\/wp-json\/wp\/v2\/posts\/2655\/revisions"}],"wp:featuredmedia":[{"embeddable":true,"href":"https:\/\/informacionlocal.es\/de\/wp-json\/wp\/v2\/media\/2652"}],"wp:attachment":[{"href":"https:\/\/informacionlocal.es\/de\/wp-json\/wp\/v2\/media?parent=2655"}],"wp:term":[{"taxonomy":"category","embeddable":true,"href":"https:\/\/informacionlocal.es\/de\/wp-json\/wp\/v2\/categories?post=2655"},{"taxonomy":"post_tag","embeddable":true,"href":"https:\/\/informacionlocal.es\/de\/wp-json\/wp\/v2\/tags?post=2655"}],"curies":[{"name":"wp","href":"https:\/\/api.w.org\/{rel}","templated":true}]}}