{"id":2643,"date":"2025-04-29T05:33:38","date_gmt":"2025-04-29T05:33:38","guid":{"rendered":"https:\/\/informacionlocal.es\/puerto-del-rosario-foerdert-die-kulturelle-zukunft-von-la-matilla-mit-dem-beginn-der-abrissarbeiten-am-alten-zentrum\/"},"modified":"2025-04-29T05:33:38","modified_gmt":"2025-04-29T05:33:38","slug":"puerto-del-rosario-foerdert-die-kulturelle-zukunft-von-la-matilla-mit-dem-beginn-der-abrissarbeiten-am-alten-zentrum","status":"publish","type":"post","link":"https:\/\/informacionlocal.es\/de\/puerto-del-rosario-foerdert-die-kulturelle-zukunft-von-la-matilla-mit-dem-beginn-der-abrissarbeiten-am-alten-zentrum\/","title":{"rendered":"Puerto del Rosario f\u00f6rdert die kulturelle Zukunft von La Matilla mit dem Beginn der Abrissarbeiten am alten Zentrum."},"content":{"rendered":"<div class=\"entry-content\">\n<p>Das Rathaus von Puerto del Rosario hat an diesem Montag, dem 28. April, mit der Unterzeichnung der Urkunde \u00fcber den Beginn der Arbeiten an dem Projekt <strong>&#8222;Abriss des alten Kulturzentrums von La Matilla&#8220;<\/strong> einen entscheidenden Schritt f\u00fcr die Zukunft von La Matilla getan. Diese Einrichtung, die seit Jahren schwerwiegende strukturelle Probleme aufwies, hatte aufgeh\u00f6rt, ein sicherer Ort f\u00fcr die Nutzung durch die Nachbarschaft zu sein. <\/p>\n<p>Diese Aktion ist der erste Meilenstein auf dem Weg zum Bau eines neuen, modernen und den aktuellen Bed\u00fcrfnissen angepassten Kulturzentrums, das dem Dorf La Matilla als Ort der Begegnung, der sozialen Wiederbelebung und der Gemeindeentwicklung zur\u00fcckgegeben werden soll.<\/p>\n<p>Der Stadtrat betont, dass diese Ma\u00dfnahme einer historischen Forderung der Stadt entspricht und einen wichtigen Schritt zur Verbesserung der Lebensqualit\u00e4t in der Gemeinde, insbesondere in La Matilla und seiner Umgebung, darstellt.<\/p>\n<p>&#8222;<em>Wir wissen, wie wichtig es ist, Orte zu haben, die das Zusammenleben und kulturelle Aktivit\u00e4ten f\u00f6rdern, und deshalb war dieses Projekt eine Priorit\u00e4t&#8220;,<\/em> sagte B\u00fcrgermeister <strong>David de Vera<\/strong>, der auch den Bewohnern von La Matilla <strong>f\u00fcr ihre Unterst\u00fctzung und Geduld<\/strong> w\u00e4hrend des gesamten Prozesses <strong>dankte<\/strong>.<\/p>\n<p>Die Stadtr\u00e4tin f\u00fcr Bauwesen, <strong>Ana Hern\u00e1ndez<\/strong>, unterstrich ihrerseits das Engagement der Stadt f\u00fcr die Erneuerung der \u00f6ffentlichen Infrastrukturen: <em>&#8222;Das neue Zentrum wird eine treibende Kraft f\u00fcr soziale, kulturelle und bildungsbezogene Aktivit\u00e4ten sein, die allen offen stehen&#8220;,<\/em> so Hern\u00e1ndez, die die <strong>Bedeutung von Investitionen in zug\u00e4ngliche und moderne \u00f6ffentliche Einrichtungen<\/strong> hervorhob.<\/p>\n<p>Der Abriss des alten Geb\u00e4udes wird auf sichere und umweltfreundliche Weise erfolgen, und der Stadtrat plant, den Auftrag f\u00fcr den Bau des neuen Zentrums in den kommenden Wochen zu vergeben, so dass die Arbeiten noch in diesem Jahr beginnen sollen.<\/p>\n<p>Mit dieser Aktion unterstreicht Puerto del Rosario sein Engagement f\u00fcr R\u00e4ume des Zusammenlebens und der B\u00fcrgerbeteiligung, um die Zukunft seiner St\u00e4dte und Stadtteile zu sichern und das soziale Gef\u00fcge der gesamten Gemeinde zu st\u00e4rken.<\/p>\n<\/div>\n","protected":false},"excerpt":{"rendered":"<p>Das Rathaus von Puerto del Rosario hat an diesem Montag, dem 28. April, mit der Unterzeichnung der Urkunde \u00fcber den Beginn der Arbeiten an dem Projekt &#8222;Abriss des alten Kulturzentrums [&hellip;]<\/p>\n","protected":false},"author":1,"featured_media":2640,"comment_status":"open","ping_status":"open","sticky":false,"template":"","format":"standard","meta":{"inline_featured_image":false,"jnews-multi-image_gallery":[],"jnews_single_post":[],"jnews_primary_category":[],"jnews_social_meta":[],"jnews_override_counter":[],"jnews_post_split":[],"footnotes":""},"categories":[293],"tags":[],"class_list":["post-2643","post","type-post","status-publish","format-standard","has-post-thumbnail","hentry","category-puerto-del-rosario-de"],"jetpack_featured_media_url":"https:\/\/informacionlocal.es\/wp-content\/uploads\/2025\/04\/la-matilla-titu-obras.jpg","_links":{"self":[{"href":"https:\/\/informacionlocal.es\/de\/wp-json\/wp\/v2\/posts\/2643","targetHints":{"allow":["GET"]}}],"collection":[{"href":"https:\/\/informacionlocal.es\/de\/wp-json\/wp\/v2\/posts"}],"about":[{"href":"https:\/\/informacionlocal.es\/de\/wp-json\/wp\/v2\/types\/post"}],"author":[{"embeddable":true,"href":"https:\/\/informacionlocal.es\/de\/wp-json\/wp\/v2\/users\/1"}],"replies":[{"embeddable":true,"href":"https:\/\/informacionlocal.es\/de\/wp-json\/wp\/v2\/comments?post=2643"}],"version-history":[{"count":0,"href":"https:\/\/informacionlocal.es\/de\/wp-json\/wp\/v2\/posts\/2643\/revisions"}],"wp:featuredmedia":[{"embeddable":true,"href":"https:\/\/informacionlocal.es\/de\/wp-json\/wp\/v2\/media\/2640"}],"wp:attachment":[{"href":"https:\/\/informacionlocal.es\/de\/wp-json\/wp\/v2\/media?parent=2643"}],"wp:term":[{"taxonomy":"category","embeddable":true,"href":"https:\/\/informacionlocal.es\/de\/wp-json\/wp\/v2\/categories?post=2643"},{"taxonomy":"post_tag","embeddable":true,"href":"https:\/\/informacionlocal.es\/de\/wp-json\/wp\/v2\/tags?post=2643"}],"curies":[{"name":"wp","href":"https:\/\/api.w.org\/{rel}","templated":true}]}}