{"id":2630,"date":"2025-04-28T15:40:08","date_gmt":"2025-04-28T15:40:08","guid":{"rendered":"https:\/\/informacionlocal.es\/zweite-route-und-zweite-herausforderung-fuer-die-wanderer-von-antigua-se-mueve\/"},"modified":"2025-04-28T15:40:08","modified_gmt":"2025-04-28T15:40:08","slug":"zweite-route-und-zweite-herausforderung-fuer-die-wanderer-von-antigua-se-mueve","status":"publish","type":"post","link":"https:\/\/informacionlocal.es\/de\/zweite-route-und-zweite-herausforderung-fuer-die-wanderer-von-antigua-se-mueve\/","title":{"rendered":"Zweite Route und zweite Herausforderung f\u00fcr die Wanderer von Antigua se Mueve"},"content":{"rendered":"<div class=\"elementor-widget-container\">\n<p><strong>Zweite Route und zweite Herausforderung f\u00fcr die Wanderer von Antigua se Mueve<\/strong><\/p>\n<p><strong>&#8211; Weder die Wolken, noch der Dunst oder der Wind bremsten die Wanderer aus Antigua, die von Corralejo nach Lajares wanderten und dabei die von Vulkanen und Bergen markierten Pfade erklommen.<\/strong><\/p>\n<p><strong>&#8211; Es gab auch die traditionelle Abschluss-Enyesque, bei der alle Wanderer an einem Tisch zusammenkamen, um jeden Moment der Wanderung zu diskutieren.<\/strong><\/p>\n<p>Die Abteilungen f\u00fcr Jugend und Sport der Stadtverwaltung von Antigua organisieren diesen Plan gesunder Wanderungen mit unterschiedlichen Schwierigkeitsgraden und f\u00fcr alle Altersgruppen, vorzugsweise f\u00fcr diejenigen, die in der Stadtverwaltung registriert sind. Sie erleichtern die Anreise von Antigua aus, stellen ein Team von F\u00fchrern zur Verf\u00fcgung, die jeden Schritt entlang der Strecke erkl\u00e4ren, und bieten ein abschlie\u00dfendes Mittagessen an, um sich zu st\u00e4rken.<\/p>\n<p>Weder die Wolken, noch der Dunst oder der Wind bremsten die Wanderer aus Antigua, die von Corralejo nach Lajares wanderten und dabei die von Vulkanen und Bergen markierten Pfade erklommen.<\/p>\n<p>Die n\u00e4chste organisierte Tour findet am 24. Mai statt. Es handelt sich um eine vierst\u00fcndige Wanderung mit mittlerem Schwierigkeitsgrad, bei der die Gambuesa am Alto del Jurado erreicht wird.<\/p>\n<p>Die Anmeldungen f\u00fcr die einzelnen Strecken sind immer f\u00fcnfzehn Tage im Voraus m\u00f6glich. Sie k\u00f6nnen sich im Rathaus von Antigua, im B\u00fcro des B\u00fcrgermeisters von Caleta de Fuste oder \u00fcber die Website anmelden.<\/p>\n<p>Antigua se Mueve ist ein Programm mit insgesamt sieben Wanderungen, die nach Mai im Juni auf einer Nachtroute von Valles de Ortega nach Tiscamanita, im Juli von Guisguey nach La Caldereta, im September von Antigua nach Agua de Bueyes und im Oktober von P\u00e1jara nach Card\u00f3n fortgesetzt werden.<\/p>\n<\/p>\n<\/div>\n","protected":false},"excerpt":{"rendered":"<p><strong>Zweite Route und zweite Herausforderung f\u00fcr die Wanderer von Antigua se Mueve<\/strong><\/p>\n","protected":false},"author":1,"featured_media":2628,"comment_status":"open","ping_status":"open","sticky":false,"template":"","format":"standard","meta":{"inline_featured_image":false,"jnews-multi-image_gallery":[],"jnews_single_post":[],"jnews_primary_category":[],"jnews_social_meta":[],"jnews_override_counter":[],"jnews_post_split":[],"footnotes":""},"categories":[283],"tags":[],"class_list":["post-2630","post","type-post","status-publish","format-standard","has-post-thumbnail","hentry","category-antigua-de"],"jetpack_featured_media_url":"https:\/\/informacionlocal.es\/wp-content\/uploads\/2025\/04\/segunda-ruta-segundo-reto-conseguido-8.jpg","_links":{"self":[{"href":"https:\/\/informacionlocal.es\/de\/wp-json\/wp\/v2\/posts\/2630","targetHints":{"allow":["GET"]}}],"collection":[{"href":"https:\/\/informacionlocal.es\/de\/wp-json\/wp\/v2\/posts"}],"about":[{"href":"https:\/\/informacionlocal.es\/de\/wp-json\/wp\/v2\/types\/post"}],"author":[{"embeddable":true,"href":"https:\/\/informacionlocal.es\/de\/wp-json\/wp\/v2\/users\/1"}],"replies":[{"embeddable":true,"href":"https:\/\/informacionlocal.es\/de\/wp-json\/wp\/v2\/comments?post=2630"}],"version-history":[{"count":0,"href":"https:\/\/informacionlocal.es\/de\/wp-json\/wp\/v2\/posts\/2630\/revisions"}],"wp:featuredmedia":[{"embeddable":true,"href":"https:\/\/informacionlocal.es\/de\/wp-json\/wp\/v2\/media\/2628"}],"wp:attachment":[{"href":"https:\/\/informacionlocal.es\/de\/wp-json\/wp\/v2\/media?parent=2630"}],"wp:term":[{"taxonomy":"category","embeddable":true,"href":"https:\/\/informacionlocal.es\/de\/wp-json\/wp\/v2\/categories?post=2630"},{"taxonomy":"post_tag","embeddable":true,"href":"https:\/\/informacionlocal.es\/de\/wp-json\/wp\/v2\/tags?post=2630"}],"curies":[{"name":"wp","href":"https:\/\/api.w.org\/{rel}","templated":true}]}}