{"id":2559,"date":"2025-04-25T15:36:49","date_gmt":"2025-04-25T15:36:49","guid":{"rendered":"https:\/\/informacionlocal.es\/beginn-der-tierimpfung-und-kennzeichnung-in-triquivijate-und-agua-de-bueyes\/"},"modified":"2025-04-25T15:36:49","modified_gmt":"2025-04-25T15:36:49","slug":"beginn-der-tierimpfung-und-kennzeichnung-in-triquivijate-und-agua-de-bueyes","status":"publish","type":"post","link":"https:\/\/informacionlocal.es\/de\/beginn-der-tierimpfung-und-kennzeichnung-in-triquivijate-und-agua-de-bueyes\/","title":{"rendered":"Beginn der Tierimpfung und -kennzeichnung in Triquivijate und Agua de Bueyes"},"content":{"rendered":"<div class=\"elementor-widget-container\">\n<p><strong>Beginn der Tierimpfung und -kennzeichnung in Triquivijate und Agua de Bueyes<\/strong><\/p>\n<p><strong>&#8211; Die st\u00e4dtische Kampagne zur Identifizierung und Impfung gegen Tollwut findet an den Samstagen 26. April sowie 3. und 10. Mai vormittags und nachmittags statt.  <\/strong><br \/><strong>&#8211; Die Kampagne beginnt diesen Samstag in Triquivijate von 09:00 bis 13:00 Uhr und in Agua de Bueyes von 16:00 bis 20:00 Uhr.  <\/strong><br \/><strong>&#8211; Die Kosten f\u00fcr die Identifizierung betragen 15 Euro und f\u00fcr die Impfung 5 Euro.<\/strong><\/p>\n<p>Das Gesundheitsamt der Stadtverwaltung von Antigua startet die j\u00e4hrliche Kampagne zur Identifizierung und Impfung gegen Tollwut. Laut B\u00fcrgermeister Mat\u00edas Pe\u00f1a wird diese Aktion f\u00fcr Tierhalter in der Gemeinde vereinfacht, wodurch Reisen vermieden und die Kosten gesenkt werden k\u00f6nnen.<\/p>\n<p>Die Stadtr\u00e4tin f\u00fcr Gesundheit, Lucila G. Ruiz, erinnert uns daran, dass dieser Samstag, der 26. April, in der Landschule von Triquivijate um 09:00 Uhr und bis 13:00 Uhr beginnt und am Nachmittag in der Einheitsschule von Agua de Bueyes von 16:00 Uhr bis 20:00 Uhr fortgesetzt wird. Die Kosten f\u00fcr die Identifizierung betragen 15 Euro und die Impfung 5 Euro.<\/p>\n<p>Die Stadtr\u00e4tin weist darauf hin, dass sich diese j\u00e4hrliche Kampagne der Gemeinde an die Tiere richtet, die in der Gemeinde registriert sind oder deren Besitzer in der Gemeinde registriert sind, so Ruiz.<\/p>\n<p>Am Samstag, den 3. Mai, geht es vormittags in den Kulturzentren von Caleta de Fuste und nachmittags in Los Alares weiter und endet am 10. Mai vormittags in der Landschule von El Durazno in Antigua und nachmittags im Kulturzentrum von Casillas de Morales.<\/p>\n<\/div>\n","protected":false},"excerpt":{"rendered":"<p><strong>Beginn der Tierimpfung und -kennzeichnung in Triquivijate und Agua de Bueyes<\/strong><\/p>\n","protected":false},"author":1,"featured_media":2556,"comment_status":"open","ping_status":"open","sticky":false,"template":"","format":"standard","meta":{"inline_featured_image":false,"jnews-multi-image_gallery":[],"jnews_single_post":[],"jnews_primary_category":[],"jnews_social_meta":[],"jnews_override_counter":[],"jnews_post_split":[],"footnotes":""},"categories":[283],"tags":[277],"class_list":["post-2559","post","type-post","status-publish","format-standard","has-post-thumbnail","hentry","category-antigua-de","tag-gesundheit"],"jetpack_featured_media_url":"https:\/\/informacionlocal.es\/wp-content\/uploads\/2025\/04\/campana-de-identificacion-y-vacunacion-antirrabica-1.jpg","_links":{"self":[{"href":"https:\/\/informacionlocal.es\/de\/wp-json\/wp\/v2\/posts\/2559","targetHints":{"allow":["GET"]}}],"collection":[{"href":"https:\/\/informacionlocal.es\/de\/wp-json\/wp\/v2\/posts"}],"about":[{"href":"https:\/\/informacionlocal.es\/de\/wp-json\/wp\/v2\/types\/post"}],"author":[{"embeddable":true,"href":"https:\/\/informacionlocal.es\/de\/wp-json\/wp\/v2\/users\/1"}],"replies":[{"embeddable":true,"href":"https:\/\/informacionlocal.es\/de\/wp-json\/wp\/v2\/comments?post=2559"}],"version-history":[{"count":0,"href":"https:\/\/informacionlocal.es\/de\/wp-json\/wp\/v2\/posts\/2559\/revisions"}],"wp:featuredmedia":[{"embeddable":true,"href":"https:\/\/informacionlocal.es\/de\/wp-json\/wp\/v2\/media\/2556"}],"wp:attachment":[{"href":"https:\/\/informacionlocal.es\/de\/wp-json\/wp\/v2\/media?parent=2559"}],"wp:term":[{"taxonomy":"category","embeddable":true,"href":"https:\/\/informacionlocal.es\/de\/wp-json\/wp\/v2\/categories?post=2559"},{"taxonomy":"post_tag","embeddable":true,"href":"https:\/\/informacionlocal.es\/de\/wp-json\/wp\/v2\/tags?post=2559"}],"curies":[{"name":"wp","href":"https:\/\/api.w.org\/{rel}","templated":true}]}}