{"id":2547,"date":"2025-04-25T15:19:05","date_gmt":"2025-04-25T15:19:05","guid":{"rendered":"https:\/\/informacionlocal.es\/caleta-de-fuste-feiert-diesen-sonntag-den-muttertag-mit-der-ganzen-familie\/"},"modified":"2025-04-25T15:19:05","modified_gmt":"2025-04-25T15:19:05","slug":"caleta-de-fuste-feiert-diesen-sonntag-den-muttertag-mit-der-ganzen-familie","status":"publish","type":"post","link":"https:\/\/informacionlocal.es\/de\/caleta-de-fuste-feiert-diesen-sonntag-den-muttertag-mit-der-ganzen-familie\/","title":{"rendered":"Caleta de Fuste feiert diesen Sonntag den Muttertag mit der ganzen Familie"},"content":{"rendered":"<div class=\"elementor-widget-container\">\n<p><strong>Caleta de Fuste feiert diesen Sonntag den Muttertag mit der ganzen Familie<\/strong><\/p>\n<p><strong>&#8211; Popcorn f\u00fcr alle, Familienfotos, Gartenworkshops oder personalisierte Karten als Geschenk f\u00fcr M\u00fctter und viele weitere \u00dcberraschungen.  <\/strong><br \/><strong>&#8211; Diesen Sonntag, den 27. April von 10:30 bis 13:30 Uhr auf der Plaza de El Castillo.<\/strong><\/p>\n<p>Am Sonntag, den 27. April, organisiert das Rathaus von Antigua \u00fcber seine Handelsabteilung einen Familientag, um alle M\u00fctter auf der Plaza de El Castillo zu \u00fcberraschen.<\/p>\n<p>Ein kleiner Tag der vorzeitigen Begr\u00fc\u00dfung f\u00fcr die M\u00fctter, die in Caleta de Fuste zahlreiche \u00dcberraschungen erleben k\u00f6nnen, die wir f\u00fcr sie vorbereitet haben, sagt der Stadtrat f\u00fcr Handel, Giuseppe Signorino.<\/p>\n<p>Die Idee ist, dass M\u00fctter mit ihren S\u00f6hnen, T\u00f6chtern und Familienmitgliedern Musik und traditionelle Spiele genie\u00dfen, Popcorn f\u00fcr alle Anwesenden genie\u00dfen oder eine pers\u00f6nliche Gru\u00dfkarte erhalten k\u00f6nnen, die auf dem Platz selbst, in den Kunsthandwerks- oder Gartenwerkst\u00e4tten, die den ganzen Vormittag \u00fcber f\u00fcr die \u00d6ffentlichkeit zug\u00e4nglich sind, hergestellt wird, f\u00fcgt Signorino hinzu.<\/p>\n<p>Eine Aktivit\u00e4t, die zu den Einladungen zu Veranstaltungen, festliche, sportliche, soziale, kulturelle oder touristische Veranstaltungen, die von der Antigua Rathaus zur Freude der Bewohner und Einwohner sind auch attraktiv f\u00fcr Touristen, die uns besuchen, und schlie\u00dft der B\u00fcrgermeister, Matias Pe\u00f1a, eine konstante, abwechslungsreiche T\u00e4tigkeit und in allen Ortschaften.<\/p>\n<\/div>\n","protected":false},"excerpt":{"rendered":"<p><strong>Caleta de Fuste feiert diesen Sonntag den Muttertag mit der ganzen Familie<\/strong><\/p>\n","protected":false},"author":1,"featured_media":2544,"comment_status":"open","ping_status":"open","sticky":false,"template":"","format":"standard","meta":{"inline_featured_image":false,"jnews-multi-image_gallery":[],"jnews_single_post":[],"jnews_primary_category":[],"jnews_social_meta":[],"jnews_override_counter":[],"jnews_post_split":[],"footnotes":""},"categories":[283],"tags":[303],"class_list":["post-2547","post","type-post","status-publish","format-standard","has-post-thumbnail","hentry","category-antigua-de","tag-eventos-de"],"jetpack_featured_media_url":"https:\/\/informacionlocal.es\/wp-content\/uploads\/2025\/04\/img-20250409-wa0054.jpg","_links":{"self":[{"href":"https:\/\/informacionlocal.es\/de\/wp-json\/wp\/v2\/posts\/2547","targetHints":{"allow":["GET"]}}],"collection":[{"href":"https:\/\/informacionlocal.es\/de\/wp-json\/wp\/v2\/posts"}],"about":[{"href":"https:\/\/informacionlocal.es\/de\/wp-json\/wp\/v2\/types\/post"}],"author":[{"embeddable":true,"href":"https:\/\/informacionlocal.es\/de\/wp-json\/wp\/v2\/users\/1"}],"replies":[{"embeddable":true,"href":"https:\/\/informacionlocal.es\/de\/wp-json\/wp\/v2\/comments?post=2547"}],"version-history":[{"count":0,"href":"https:\/\/informacionlocal.es\/de\/wp-json\/wp\/v2\/posts\/2547\/revisions"}],"wp:featuredmedia":[{"embeddable":true,"href":"https:\/\/informacionlocal.es\/de\/wp-json\/wp\/v2\/media\/2544"}],"wp:attachment":[{"href":"https:\/\/informacionlocal.es\/de\/wp-json\/wp\/v2\/media?parent=2547"}],"wp:term":[{"taxonomy":"category","embeddable":true,"href":"https:\/\/informacionlocal.es\/de\/wp-json\/wp\/v2\/categories?post=2547"},{"taxonomy":"post_tag","embeddable":true,"href":"https:\/\/informacionlocal.es\/de\/wp-json\/wp\/v2\/tags?post=2547"}],"curies":[{"name":"wp","href":"https:\/\/api.w.org\/{rel}","templated":true}]}}