{"id":2535,"date":"2025-04-25T13:21:21","date_gmt":"2025-04-25T13:21:21","guid":{"rendered":"https:\/\/informacionlocal.es\/fertigstellung-und-uebernahme-des-fussgaengerwegs-orchilla-in-caleta-de-fuste-durch-das-rathaus\/"},"modified":"2025-04-25T13:21:21","modified_gmt":"2025-04-25T13:21:21","slug":"fertigstellung-und-uebernahme-des-fussgaengerwegs-orchilla-in-caleta-de-fuste-durch-das-rathaus","status":"publish","type":"post","link":"https:\/\/informacionlocal.es\/de\/fertigstellung-und-uebernahme-des-fussgaengerwegs-orchilla-in-caleta-de-fuste-durch-das-rathaus\/","title":{"rendered":"Fertigstellung und \u00dcbernahme des Fu\u00dfg\u00e4ngerwegs Orchilla in Caleta de Fuste durch das Rathaus"},"content":{"rendered":"<div class=\"elementor-widget-container\">\n<p><strong>Fertigstellung und \u00dcbernahme des Fu\u00dfg\u00e4ngerwegs Orchilla in Caleta de Fuste durch das Rathaus<\/strong><\/p>\n<p><strong>&#8211; Ein Projekt, das in der letzten Legislaturperiode initiiert wurde und dessen Ausf\u00fchrung und Fertigstellung in diesem Jahr mit einem Budget von rund 600.000 Euro gef\u00f6rdert wird, so B\u00fcrgermeister Mat\u00edas Pe\u00f1a.<\/strong><br \/><strong>&#8211; Die Neugestaltung des Orchilla-Fu\u00dfg\u00e4ngerwegs bietet einen Kinderspielplatz, schattige Bereiche und Ruhezonen mit Stra\u00dfenm\u00f6beln und B\u00e4umen sowie eine hochwertige Pflasterung zur Verbesserung der Zug\u00e4nglichkeit.<\/strong><\/p>\n<p>Der B\u00fcrgermeister von Antigua, Mat\u00edas Pe\u00f1a Garc\u00eda, hat in seiner Eigenschaft als Leiter der vom Plenum genehmigten Delegation zur F\u00f6rderung der Ausf\u00fchrung von Gro\u00dfprojekten in der Gemeinde die endg\u00fcltige Abnahme der Umgestaltung der Fu\u00dfg\u00e4ngerzone von Orchilla in Caleta de Fuste koordiniert, die nach der Aufhebung der Sperrung von der neuen, zu diesem Zweck beauftragten Firma frist- und formgerecht durchgef\u00fchrt wurde.<\/p>\n<p>Am Freitag, den 25. April, best\u00e4tigte der B\u00fcrgermeister zusammen mit den Technikern der Gemeinde und der Baufirma den Erhalt der Neugestaltung der Fu\u00dfg\u00e4ngerzone Orchilla, Abschnitt III, in Caleta de Fuste, und die Stadtr\u00e4te f\u00fcr Bau und Dienstleistungen, Juan Cabrera, f\u00fcr Stadtplanung, David Alberto, und f\u00fcr Tourismus, Kristina Rodewig, nahmen an der \u00dcbergabezeremonie teil.<\/p>\n<p>Ein Projekt in der letzten Legislaturperiode initiiert, sagt der B\u00fcrgermeister, die wir mit einem neuen Vertrag zu vervollst\u00e4ndigen verwaltet, was in diesem Empfang der Verbesserung und Versch\u00f6nerung der Fu\u00dfg\u00e4ngerzone Orchilla in seinem Abschnitt III, durch den Stadtrat von Antigua mit kommunalen Finanzierung von 594.000 Euro ausgef\u00fchrt.<\/p>\n<p>Caleta de Fuste hat in der Fu\u00dfg\u00e4ngerzone Orchilla einen neuen Kinderspielplatz mit Spielmodulen auf Gummiboden in einem gesch\u00fctzten, abgegrenzten und beleuchteten Bereich angelegt, dessen neues Beleuchtungsnetz sich \u00fcber die gesamte Stra\u00dfe erstreckt.<\/p>\n<p>Der neue Fu\u00dfg\u00e4ngerweg von Orchilla bietet schattige Gartenbereiche zum Ausruhen und Entspannen, mit moderner Stadtm\u00f6blierung, B\u00e4umen und Rasenfl\u00e4chen mit Ficus und Bougainvillea und vervollst\u00e4ndigt die Pflasterung des Fu\u00dfg\u00e4ngerwegs an der Kreuzung mit der Calle Picasso und der Calle Virgen de la Pe\u00f1a.<\/p>\n<p>Der Fu\u00dfg\u00e4ngerweg beseitigt st\u00e4dtische Barrieren wie Treppen oder Bordsteinkanten und verbessert die Zug\u00e4nglichkeit sowohl durch die Breite der Stufen als auch durch das verwendete Material, das den Durchgang eines Fu\u00dfg\u00e4ngers oder einer Person mit eingeschr\u00e4nkter Mobilit\u00e4t differenziert und die verschiedenen Bereiche markiert, die sie durchqueren.<\/p>\n<\/div>\n","protected":false},"excerpt":{"rendered":"<p><strong>Fertigstellung und \u00dcbernahme des Fu\u00dfg\u00e4ngerwegs Orchilla in Caleta de Fuste durch das Rathaus<\/strong><\/p>\n","protected":false},"author":1,"featured_media":2532,"comment_status":"open","ping_status":"open","sticky":false,"template":"","format":"standard","meta":{"inline_featured_image":false,"jnews-multi-image_gallery":[],"jnews_single_post":[],"jnews_primary_category":[],"jnews_social_meta":[],"jnews_override_counter":[],"jnews_post_split":[],"footnotes":""},"categories":[283],"tags":[],"class_list":["post-2535","post","type-post","status-publish","format-standard","has-post-thumbnail","hentry","category-antigua-de"],"jetpack_featured_media_url":"https:\/\/informacionlocal.es\/wp-content\/uploads\/2025\/04\/el-alcalde-y-responsable-de-contratacion-coordina-la-recepcion-de-orchilla-1-scaled-1.jpg","_links":{"self":[{"href":"https:\/\/informacionlocal.es\/de\/wp-json\/wp\/v2\/posts\/2535","targetHints":{"allow":["GET"]}}],"collection":[{"href":"https:\/\/informacionlocal.es\/de\/wp-json\/wp\/v2\/posts"}],"about":[{"href":"https:\/\/informacionlocal.es\/de\/wp-json\/wp\/v2\/types\/post"}],"author":[{"embeddable":true,"href":"https:\/\/informacionlocal.es\/de\/wp-json\/wp\/v2\/users\/1"}],"replies":[{"embeddable":true,"href":"https:\/\/informacionlocal.es\/de\/wp-json\/wp\/v2\/comments?post=2535"}],"version-history":[{"count":0,"href":"https:\/\/informacionlocal.es\/de\/wp-json\/wp\/v2\/posts\/2535\/revisions"}],"wp:featuredmedia":[{"embeddable":true,"href":"https:\/\/informacionlocal.es\/de\/wp-json\/wp\/v2\/media\/2532"}],"wp:attachment":[{"href":"https:\/\/informacionlocal.es\/de\/wp-json\/wp\/v2\/media?parent=2535"}],"wp:term":[{"taxonomy":"category","embeddable":true,"href":"https:\/\/informacionlocal.es\/de\/wp-json\/wp\/v2\/categories?post=2535"},{"taxonomy":"post_tag","embeddable":true,"href":"https:\/\/informacionlocal.es\/de\/wp-json\/wp\/v2\/tags?post=2535"}],"curies":[{"name":"wp","href":"https:\/\/api.w.org\/{rel}","templated":true}]}}