{"id":25284,"date":"2026-09-05T20:00:03","date_gmt":"2026-09-05T19:00:03","guid":{"rendered":"https:\/\/informacionlocal.es\/lola-garcia-consigue-el-compromiso-del-estado-para-recuperar-la-conectividad-maritima-con-la-peninsula\/"},"modified":"2026-09-05T20:00:03","modified_gmt":"2026-09-05T19:00:03","slug":"lola-garcia-consigue-el-compromiso-del-estado-para-recuperar-la-conectividad-maritima-con-la-peninsula","status":"publish","type":"post","link":"https:\/\/informacionlocal.es\/de\/lola-garcia-consigue-el-compromiso-del-estado-para-recuperar-la-conectividad-maritima-con-la-peninsula\/","title":{"rendered":"Lola Garc\u00eda consigue el compromiso del Estado para recuperar la conectividad mar\u00edtima con la Pen\u00ednsula"},"content":{"rendered":"<div class=\"entry-content\"><strong>5 septiembre, 2026<\/strong><\/p>\n<h2><em>La presidenta insular recibe notificaci\u00f3n de la direcci\u00f3n general de la Marina Mercante, tras las reivindicaciones realizadas desde el Cabildo e instituciones locales para recuperar una escala fundamental para Fuerteventura<\/em><\/h2>\n<p>El Cabildo de Fuerteventura logra que se recupere la conectividad mar\u00edtima entre Fuerteventura y la Pen\u00ednsula. Unas reivindicaciones realizadas por la presidenta insular, Lola Garc\u00eda, a la que se sumaron los ayuntamientos majoreros y la C\u00e1mara de Comercio de Fuerteventura en frente com\u00fan.<\/p>\n<p>Este viernes 4 de septiembre, Lola Garc\u00eda ha recibido notificaci\u00f3n de direcci\u00f3n general de la Marina Mercante, en la que aseguran que est\u00e1n trabajando para impulsar, con la mayor celeridad posible, la tramitaci\u00f3n de la licitaci\u00f3n correspondiente a la gesti\u00f3n de dicha l\u00ednea mar\u00edtima de inter\u00e9s p\u00fablico y que la futura licitaci\u00f3n contempla la escala en Fuerteventura.<\/p>\n<p>Lola Garc\u00eda destaca el trabajo realizado por las administraciones majoreras para lograr que se cumpla con una reivindicaci\u00f3n justa, necesaria y estrat\u00e9gica para el presente y el futuro de la isla majorera.<\/p>\n<p>La eliminaci\u00f3n de la conexi\u00f3n con la isla incrementa los costes del transporte mar\u00edtimo en torno a un 70-78%. \u201cEn una econom\u00eda insular y perif\u00e9rica como Fuerteventura, los sobrecostes son asumidos, directamente, por el consumidor final o por las peque\u00f1as y medianas empresas, colocando a Fuerteventura en una situaci\u00f3n de clara desventaja\u201d, asegura la presidenta del Cabildo. Por ello, \u201cesperamos que, efectivamente, se incluya la escala en Fuerteventura como Obligaci\u00f3n de Servicio P\u00fablico (OSP), tal y como hemos pedido debido a su importancia, y que se agilice la licitaci\u00f3n\u201d.<\/p>\n<h3><strong>Frente com\u00fan<\/strong><\/h3>\n<p>Tanto el Cabildo de Fuerteventura, con diferentes escritos trasladados por la presidenta al Ministerio, como el Ayuntamiento de Puerto del Rosario, reiteraron por diferentes v\u00edas su preocupaci\u00f3n ante la desaparici\u00f3n de la conexi\u00f3n mar\u00edtima. Una demanda a la que se unieron el resto de entidades majoreras, defendiendo una ruta esencial para la Isla.<\/p>\n<\/div>\n","protected":false},"excerpt":{"rendered":"<p>5 septiembre, 2026 La presidenta insular recibe notificaci\u00f3n de la direcci\u00f3n general de la Marina Mercante, tras las reivindicaciones realizadas desde el Cabildo e instituciones locales para recuperar una escala [&hellip;]<\/p>\n","protected":false},"author":1,"featured_media":25286,"comment_status":"open","ping_status":"open","sticky":false,"template":"","format":"standard","meta":{"inline_featured_image":false,"jnews-multi-image_gallery":[],"jnews_single_post":[],"jnews_primary_category":[],"jnews_social_meta":[],"jnews_override_counter":[],"jnews_post_split":[],"footnotes":""},"categories":[58],"tags":[82],"class_list":["post-25284","post","type-post","status-publish","format-standard","has-post-thumbnail","hentry","category-cabildo","tag-fuerteventura"],"jetpack_featured_media_url":"https:\/\/informacionlocal.es\/wp-content\/uploads\/2026\/09\/whatsapp-image-2026-09-05-at-11-44-14.jpeg","_links":{"self":[{"href":"https:\/\/informacionlocal.es\/de\/wp-json\/wp\/v2\/posts\/25284","targetHints":{"allow":["GET"]}}],"collection":[{"href":"https:\/\/informacionlocal.es\/de\/wp-json\/wp\/v2\/posts"}],"about":[{"href":"https:\/\/informacionlocal.es\/de\/wp-json\/wp\/v2\/types\/post"}],"author":[{"embeddable":true,"href":"https:\/\/informacionlocal.es\/de\/wp-json\/wp\/v2\/users\/1"}],"replies":[{"embeddable":true,"href":"https:\/\/informacionlocal.es\/de\/wp-json\/wp\/v2\/comments?post=25284"}],"version-history":[{"count":0,"href":"https:\/\/informacionlocal.es\/de\/wp-json\/wp\/v2\/posts\/25284\/revisions"}],"wp:featuredmedia":[{"embeddable":true,"href":"https:\/\/informacionlocal.es\/de\/wp-json\/wp\/v2\/media\/25286"}],"wp:attachment":[{"href":"https:\/\/informacionlocal.es\/de\/wp-json\/wp\/v2\/media?parent=25284"}],"wp:term":[{"taxonomy":"category","embeddable":true,"href":"https:\/\/informacionlocal.es\/de\/wp-json\/wp\/v2\/categories?post=25284"},{"taxonomy":"post_tag","embeddable":true,"href":"https:\/\/informacionlocal.es\/de\/wp-json\/wp\/v2\/tags?post=25284"}],"curies":[{"name":"wp","href":"https:\/\/api.w.org\/{rel}","templated":true}]}}