{"id":25272,"date":"2026-09-04T23:02:07","date_gmt":"2026-09-04T22:02:07","guid":{"rendered":"https:\/\/informacionlocal.es\/puerto-del-rosario-inicia-las-obras-de-renovacion-y-mejora-del-barrio-de-las-granadas-con-una-inversion-de-134-millones-de-euros\/"},"modified":"2026-09-04T23:02:07","modified_gmt":"2026-09-04T22:02:07","slug":"puerto-del-rosario-inicia-las-obras-de-renovacion-y-mejora-del-barrio-de-las-granadas-con-una-inversion-de-134-millones-de-euros","status":"publish","type":"post","link":"https:\/\/informacionlocal.es\/de\/puerto-del-rosario-inicia-las-obras-de-renovacion-y-mejora-del-barrio-de-las-granadas-con-una-inversion-de-134-millones-de-euros\/","title":{"rendered":"Puerto del Rosario inicia las obras de renovaci\u00f3n y mejora del barrio de Las Granadas con una inversi\u00f3n de 1,34 millones de euros"},"content":{"rendered":"<div class=\"entry-content\">\n<p>La actuaci\u00f3n, con un plazo de ejecuci\u00f3n de 10 meses, permitir\u00e1 renovar el asfaltado, mejorar los servicios urbanos y reforzar la seguridad vial de 14 calles del barrio<\/p>\n<p>El ayuntamiento de Puerto del Rosario inicia hoy las obras correspondientes al proyecto \u201cRenovaci\u00f3n de servicios m\u00ednimos, asfaltado e instalaci\u00f3n de limitadores de velocidad en el barrio de Las Granadas\u201d, una actuaci\u00f3n que supone una inversi\u00f3n de 1.348.603,34 euros, IGIC incluido, y que cuenta con un plazo de ejecuci\u00f3n previsto de 10 meses.<\/p>\n<p>Con el inicio de los trabajos se pone en marcha una de las actuaciones de mejora viaria m\u00e1s importantes previstas para este entorno residencial, que permitir\u00e1 intervenir en 14 calles del barrio, mejorando sus condiciones de conservaci\u00f3n, circulaci\u00f3n y seguridad.<\/p>\n<p>Los trabajos contemplan el fresado y reasfaltado de las calzadas, la reposici\u00f3n de la se\u00f1alizaci\u00f3n horizontal y vertical y la instalaci\u00f3n de reductores de velocidad en determinados puntos, especialmente en las proximidades de los pasos de peatones.<\/p>\n<p>El proyecto incluye adem\u00e1s actuaciones relacionadas con los servicios urbanos, como la previsi\u00f3n de acometidas a solares, ejecuci\u00f3n de arquetas de registro y el recrecido y adaptaci\u00f3n de arquetas, pozos e imbornales a la nueva rasante del pavimento. Tambi\u00e9n se contempla la protecci\u00f3n o reposici\u00f3n de canalizaciones que puedan verse afectadas durante la ejecuci\u00f3n de las obras.<\/p>\n<p>David de Vera: \u201cHoy damos un paso importante para mejorar Las Granadas\u201d<\/p>\n<p>El alcalde de Puerto del Rosario, David de Vera Cabrera, destac\u00f3 con motivo del inicio de los trabajos que \u201choy damos un paso muy importante para Las Granadas, porque comienza una obra necesaria y demandada que va a suponer una mejora sustancial de las calles y del entorno del barrio\u201d.<\/p>\n<p>\u201cEstamos hablando de una inversi\u00f3n de m\u00e1s de 1,34 millones de euros destinada a mejorar las infraestructuras p\u00fablicas. No se trata \u00fanicamente de renovar el asfalto, sino de actuar tambi\u00e9n sobre distintos elementos de los servicios urbanos y reforzar la seguridad vial. Nuestro compromiso es que la inversi\u00f3n municipal se traduzca en mejoras visibles y reales para nuestros vecinos\u201d, se\u00f1al\u00f3 el alcalde.<\/p>\n<p>David de Vera a\u00f1adi\u00f3 que \u201cLas Granadas es un barrio consolidado y con una importante actividad diaria, adem\u00e1s de encontrarse en el entorno del Hospital General de Fuerteventura. Por ello, esta actuaci\u00f3n beneficiar\u00e1 tanto a los residentes como a las numerosas personas que diariamente utilizan estas v\u00edas\u201d.<\/p>\n<p>Ana Hern\u00e1ndez: \u201cQueremos una mejora integral y duradera del barrio\u201d<\/p>\n<p>La concejala de Obras, Urbanismo y Planeamiento, Ana Hern\u00e1ndez, explic\u00f3 que \u201choy comienza una actuaci\u00f3n que hemos preparado con el objetivo de dar una respuesta integral a las necesidades que presenta actualmente el barrio de Las Granadas\u201d.<\/p>\n<p>\u201cCuando hablamos de esta obra no hablamos solamente de asfalto. El proyecto contempla tambi\u00e9n la adaptaci\u00f3n de arquetas y otros elementos de los servicios, las acometidas previstas, la reposici\u00f3n de la se\u00f1alizaci\u00f3n y medidas espec\u00edficas para mejorar la seguridad vial. Queremos que, cuando finalicen los trabajos, los vecinos encuentren unas calles renovadas, m\u00e1s seguras y con unas infraestructuras adecuadas para los pr\u00f3ximos a\u00f1os\u201d, afirm\u00f3 Hern\u00e1ndez.<\/p>\n<p>La concejala se\u00f1al\u00f3 asimismo que \u201cla renovaci\u00f3n del firme permitir\u00e1 recuperar unas condiciones adecuadas de circulaci\u00f3n y mejorar notablemente el estado actual de las calles, mientras que la se\u00f1alizaci\u00f3n y los reductores de velocidad contribuir\u00e1n a reforzar la seguridad, especialmente para los peatones\u201d.<\/p>\n<p>Ana Hern\u00e1ndez pidi\u00f3 finalmente \u201ccomprensi\u00f3n y colaboraci\u00f3n a los vecinos durante los pr\u00f3ximos meses, ya que una actuaci\u00f3n de esta envergadura puede generar afecciones puntuales al tr\u00e1fico y al estacionamiento. Somos conscientes de las molestias que pueden ocasionarse, pero son necesarias para poder ejecutar una mejora tan importante para el barrio\u201d.<\/p>\n<p>14 calles objeto de actuaci\u00f3n<\/p>\n<p>Las obras se desarrollar\u00e1n en las calles Doctor Ar\u00edstides Hern\u00e1ndez Mor\u00e1n, Doctor Pe\u00f1a Y\u00e1\u00f1ez, Doctor Jim\u00e9nez D\u00edaz, Fernando Manuel Gonz\u00e1lez Rosales, Doctor Gerardo Bustos y Cobos, Doctor Pedro Travieso Mederos, Doctor Guillermo S\u00e1nchez Vel\u00e1zquez, Doctor Mariano Barbacid, Doctor Dionisio Gonz\u00e1lez, Doctor \u00c1ngel Pellicer, Doctora Marie Curie, Doctor Chil y Naranjo, Doctor G\u00f3mez Ulla y Doctor Vallejo-N\u00e1jera<\/p>\n<\/div>\n","protected":false},"excerpt":{"rendered":"<p>La actuaci\u00f3n, con un plazo de ejecuci\u00f3n de 10 meses, permitir\u00e1 renovar el asfaltado, mejorar los servicios urbanos y reforzar la seguridad vial de 14 calles del barrio El ayuntamiento [&hellip;]<\/p>\n","protected":false},"author":1,"featured_media":25274,"comment_status":"open","ping_status":"open","sticky":false,"template":"","format":"standard","meta":{"inline_featured_image":false,"jnews-multi-image_gallery":[],"jnews_single_post":[],"jnews_primary_category":[],"jnews_social_meta":[],"jnews_override_counter":[],"jnews_post_split":[],"footnotes":""},"categories":[61],"tags":[82,181,438],"class_list":["post-25272","post","type-post","status-publish","format-standard","has-post-thumbnail","hentry","category-puerto-del-rosario","tag-fuerteventura","tag-infraestructuras","tag-seguridad-vial"],"jetpack_featured_media_url":"https:\/\/informacionlocal.es\/wp-content\/uploads\/2026\/09\/las-granadas-titu-replanteo-alcalde-y-concejala-scaled-1.jpg","_links":{"self":[{"href":"https:\/\/informacionlocal.es\/de\/wp-json\/wp\/v2\/posts\/25272","targetHints":{"allow":["GET"]}}],"collection":[{"href":"https:\/\/informacionlocal.es\/de\/wp-json\/wp\/v2\/posts"}],"about":[{"href":"https:\/\/informacionlocal.es\/de\/wp-json\/wp\/v2\/types\/post"}],"author":[{"embeddable":true,"href":"https:\/\/informacionlocal.es\/de\/wp-json\/wp\/v2\/users\/1"}],"replies":[{"embeddable":true,"href":"https:\/\/informacionlocal.es\/de\/wp-json\/wp\/v2\/comments?post=25272"}],"version-history":[{"count":0,"href":"https:\/\/informacionlocal.es\/de\/wp-json\/wp\/v2\/posts\/25272\/revisions"}],"wp:featuredmedia":[{"embeddable":true,"href":"https:\/\/informacionlocal.es\/de\/wp-json\/wp\/v2\/media\/25274"}],"wp:attachment":[{"href":"https:\/\/informacionlocal.es\/de\/wp-json\/wp\/v2\/media?parent=25272"}],"wp:term":[{"taxonomy":"category","embeddable":true,"href":"https:\/\/informacionlocal.es\/de\/wp-json\/wp\/v2\/categories?post=25272"},{"taxonomy":"post_tag","embeddable":true,"href":"https:\/\/informacionlocal.es\/de\/wp-json\/wp\/v2\/tags?post=25272"}],"curies":[{"name":"wp","href":"https:\/\/api.w.org\/{rel}","templated":true}]}}