{"id":25260,"date":"2026-09-04T19:01:27","date_gmt":"2026-09-04T18:01:27","guid":{"rendered":"https:\/\/informacionlocal.es\/fuerteventura-refuerza-su-presencia-en-los-mercados-nordicos-con-presentaciones-ante-agentes-de-viajes-en-copenhague-y-estocolmo\/"},"modified":"2026-09-04T19:01:27","modified_gmt":"2026-09-04T18:01:27","slug":"fuerteventura-refuerza-su-presencia-en-los-mercados-nordicos-con-presentaciones-ante-agentes-de-viajes-en-copenhague-y-estocolmo","status":"publish","type":"post","link":"https:\/\/informacionlocal.es\/de\/fuerteventura-refuerza-su-presencia-en-los-mercados-nordicos-con-presentaciones-ante-agentes-de-viajes-en-copenhague-y-estocolmo\/","title":{"rendered":"Fuerteventura refuerza su presencia en los mercados n\u00f3rdicos con presentaciones ante agentes de viajes en Copenhague y Estocolmo"},"content":{"rendered":"<div class=\"entry-content\"><strong>4 septiembre, 2026<\/strong><\/p>\n<h2><em>El regreso de TUI Nordic tras siete a\u00f1os conecta la isla con tres principales capitales n\u00f3rdicas<\/em><\/h2>\n<p>El Patronato Insular de Turismo de Fuerteventura ha presentado la actualizaci\u00f3n de su oferta tur\u00edstica ante agentes de viajes especializados en jornadas profesionales celebradas en Copenhague el 2 de septiembre y Estocolmo el 3 de septiembre. Las presentaciones refuerzan la estrategia del Patronato de diversificaci\u00f3n hacia mercados de alto valor en el norte de Europa, con el apoyo de la operativa de TUI Nordic.<\/p>\n<p>El touroperador escandinavo, que retom\u00f3 sus operaciones en abril de 2026 tras siete a\u00f1os de ausencia, operar\u00e1 vuelos regulares desde Copenhague, Estocolmo y Oslo a partir del 23 de octubre de 2026. Desde Estocolmo, Fuerteventura contar\u00e1 con un vuelo semanal todos los viernes. TUI Nordic ha programado, adem\u00e1s, vuelos especiales en periodos de vacaciones escolares en Dinamarca y Noruega, ampliando el acceso a estos mercados emisores desde Copenhague y Oslo.<\/p>\n<p>En ambas jornadas, el Patronato estuvo acompa\u00f1ado por las cadenas hoteleras Coral Hoteles, Elba Hoteles y Meli\u00e1 Hoteles, que presentaron directamente su oferta ante los profesionales del turismo. En Estocolmo, participaron los equipos directivos de las \u00e1reas comercial, de ventas, marketing y producto de TUI Nordic en Suecia.<\/p>\n<p>El inter\u00e9s por los mercados n\u00f3rdicos responde tambi\u00e9n al perfil de sus visitantes. En 2025, el viajero sueco registr\u00f3 un gasto medio de 1.547 euros por persona y un gasto diario de 166 euros, con una estancia media de 9,3 noches. El turista dan\u00e9s registr\u00f3 en 2026 un gasto medio de 1.547 euros con un gasto diario de 193 euros.<\/p>\n<p>La consejera de Turismo del Cabildo de Fuerteventura y vicepresidenta del Patronato Insular de Turismo, Marlene Figueroa, subray\u00f3 que \u00abestas jornadas en Copenhague y Estocolmo confirman que el mercado n\u00f3rdico es prioritario para Fuerteventura. Buscamos consolidar un visitante de mayor valor a\u00f1adido que contribuya a un modelo tur\u00edstico m\u00e1s equilibrado y sostenible\u00bb.<\/p>\n<p>La consejera destac\u00f3 tambi\u00e9n que \u00aba trav\u00e9s de TUI Nordic, Fuerteventura accede a mercados donde encontramos un visitante que valora especialmente la naturaleza, la calidad y la oferta tur\u00edstica de la isla\u00bb.<\/p>\n<p>Con estas jornadas, Fuerteventura consolida su presencia en el mercado escandinavo y refuerza su posicionamiento como destino de referencia para viajeros de alto valor en el norte de Europa.<\/p>\n<\/div>\n","protected":false},"excerpt":{"rendered":"<p>4 septiembre, 2026 El regreso de TUI Nordic tras siete a\u00f1os conecta la isla con tres principales capitales n\u00f3rdicas El Patronato Insular de Turismo de Fuerteventura ha presentado la actualizaci\u00f3n [&hellip;]<\/p>\n","protected":false},"author":1,"featured_media":25262,"comment_status":"open","ping_status":"open","sticky":false,"template":"","format":"standard","meta":{"inline_featured_image":false,"jnews-multi-image_gallery":[],"jnews_single_post":[],"jnews_primary_category":[],"jnews_social_meta":[],"jnews_override_counter":[],"jnews_post_split":[],"footnotes":""},"categories":[58],"tags":[82],"class_list":["post-25260","post","type-post","status-publish","format-standard","has-post-thumbnail","hentry","category-cabildo","tag-fuerteventura"],"jetpack_featured_media_url":"https:\/\/informacionlocal.es\/wp-content\/uploads\/2026\/09\/turismo.jpeg","_links":{"self":[{"href":"https:\/\/informacionlocal.es\/de\/wp-json\/wp\/v2\/posts\/25260","targetHints":{"allow":["GET"]}}],"collection":[{"href":"https:\/\/informacionlocal.es\/de\/wp-json\/wp\/v2\/posts"}],"about":[{"href":"https:\/\/informacionlocal.es\/de\/wp-json\/wp\/v2\/types\/post"}],"author":[{"embeddable":true,"href":"https:\/\/informacionlocal.es\/de\/wp-json\/wp\/v2\/users\/1"}],"replies":[{"embeddable":true,"href":"https:\/\/informacionlocal.es\/de\/wp-json\/wp\/v2\/comments?post=25260"}],"version-history":[{"count":0,"href":"https:\/\/informacionlocal.es\/de\/wp-json\/wp\/v2\/posts\/25260\/revisions"}],"wp:featuredmedia":[{"embeddable":true,"href":"https:\/\/informacionlocal.es\/de\/wp-json\/wp\/v2\/media\/25262"}],"wp:attachment":[{"href":"https:\/\/informacionlocal.es\/de\/wp-json\/wp\/v2\/media?parent=25260"}],"wp:term":[{"taxonomy":"category","embeddable":true,"href":"https:\/\/informacionlocal.es\/de\/wp-json\/wp\/v2\/categories?post=25260"},{"taxonomy":"post_tag","embeddable":true,"href":"https:\/\/informacionlocal.es\/de\/wp-json\/wp\/v2\/tags?post=25260"}],"curies":[{"name":"wp","href":"https:\/\/api.w.org\/{rel}","templated":true}]}}