{"id":25230,"date":"2026-09-03T20:01:47","date_gmt":"2026-09-03T19:01:47","guid":{"rendered":"https:\/\/informacionlocal.es\/los-mayores-juegan-con-ilusion-el-torneo-de-bola-canaria-de-las-fiestas-homenaje-a-manolito-garcia\/"},"modified":"2026-09-03T20:01:47","modified_gmt":"2026-09-03T19:01:47","slug":"los-mayores-juegan-con-ilusion-el-torneo-de-bola-canaria-de-las-fiestas-homenaje-a-manolito-garcia","status":"publish","type":"post","link":"https:\/\/informacionlocal.es\/de\/los-mayores-juegan-con-ilusion-el-torneo-de-bola-canaria-de-las-fiestas-homenaje-a-manolito-garcia\/","title":{"rendered":"Los mayores juegan con ilusi\u00f3n el torneo de bola canaria de las fiestas, homenaje a Manolito Garc\u00eda"},"content":{"rendered":"<div class=\"elementor-widget-container\">\n<hr>\n<p><strong>Los mayores juegan con ilusi\u00f3n el torneo de bola canaria de las fiestas, homenaje a Manolito Garc\u00eda<\/strong><\/p>\n<ul>\n<li>El alcalde, Juan Cabrera, entreg\u00f3 los trofeos a los participantes y ganadoras de los torneos de baraja, La familia de Manolito Garc\u00eda, gran jugador de bola canaria, agradece al Gobierno y a la Comisi\u00f3n de Fiestas el detalle de recordarlo cada a\u00f1o en este encuentro.<\/li>\n<\/ul>\n<p>El equipo de Lanzarote se impuso finalmente al de Antigua en la final del Torneo de Bola Canaria de las Fiestas de Antigua 2026, organizado por la Asociaci\u00f3n del Centro de Mayores, en colaboraci\u00f3n con Servicios Sociales y Festejos.<\/p>\n<p>El alcalde de Antigua, Juan Cabrera, particip\u00f3 en el acto de entrega de los trofeos a los ganadores, con la presencia de la familia del malogrado deportista Manolito Garc\u00eda, al que sus amigos recuerdan con cari\u00f1o por su gran afici\u00f3n a este deporte.<\/p>\n<p>Juan Cabrera agradeci\u00f3 a los mayores su implicaci\u00f3n para participar en todos actos de las fiestas, su entusiasmo y su voluntad para pasarlo bien.<\/p>\n<p>Tambi\u00e9n asisti\u00f3 la concejala de Servicios Sociales, Sof\u00eda Alves, que gestiona el Centro de Mayores y quiso acompa\u00f1arlos en este encuentro deportivo a las y los equipos formados para el torneo de las fiestas, y apoyarlos con toda su energ\u00eda.<\/p>\n<p>En el acto tambi\u00e9n estuvo presente la concejala de Festejos, Lucila Ruiz, que valor\u00f3 la buena convivencia que se vive en cada evento junto a los mayores y la buena organizaci\u00f3n.<\/p>\n<p>Por \u00faltimo, Juan Cabrera destac\u00f3 que los mayore son una prioridad en este Gobierno y que tienen v\u00eda directa con la alcald\u00eda para todo lo que necesiten.<\/p>\n<p>\u00a0<\/p>\n<p>\u00a0<\/p>\n<p>\u00a0<\/p>\n<p>\u00a0<\/p>\n<p>\u00a0<\/p>\n<p>\u00a0<\/p>\n<p>\u00a0<\/p>\n<p>\u00a0<\/p>\n<p>\u00a0<\/p>\n<\/div>\n","protected":false},"excerpt":{"rendered":"<p>Los mayores juegan con ilusi\u00f3n el torneo de bola canaria de las fiestas, homenaje a Manolito Garc\u00eda El alcalde, Juan Cabrera, entreg\u00f3 los trofeos a los participantes y ganadoras de [&hellip;]<\/p>\n","protected":false},"author":1,"featured_media":25232,"comment_status":"open","ping_status":"open","sticky":false,"template":"","format":"standard","meta":{"inline_featured_image":false,"jnews-multi-image_gallery":[],"jnews_single_post":[],"jnews_primary_category":[],"jnews_social_meta":[],"jnews_override_counter":[],"jnews_post_split":[],"footnotes":""},"categories":[59],"tags":[],"class_list":["post-25230","post","type-post","status-publish","format-standard","has-post-thumbnail","hentry","category-antigua"],"jetpack_featured_media_url":"https:\/\/informacionlocal.es\/wp-content\/uploads\/2026\/09\/bolcanaria2-scaled-1.jpg","_links":{"self":[{"href":"https:\/\/informacionlocal.es\/de\/wp-json\/wp\/v2\/posts\/25230","targetHints":{"allow":["GET"]}}],"collection":[{"href":"https:\/\/informacionlocal.es\/de\/wp-json\/wp\/v2\/posts"}],"about":[{"href":"https:\/\/informacionlocal.es\/de\/wp-json\/wp\/v2\/types\/post"}],"author":[{"embeddable":true,"href":"https:\/\/informacionlocal.es\/de\/wp-json\/wp\/v2\/users\/1"}],"replies":[{"embeddable":true,"href":"https:\/\/informacionlocal.es\/de\/wp-json\/wp\/v2\/comments?post=25230"}],"version-history":[{"count":0,"href":"https:\/\/informacionlocal.es\/de\/wp-json\/wp\/v2\/posts\/25230\/revisions"}],"wp:featuredmedia":[{"embeddable":true,"href":"https:\/\/informacionlocal.es\/de\/wp-json\/wp\/v2\/media\/25232"}],"wp:attachment":[{"href":"https:\/\/informacionlocal.es\/de\/wp-json\/wp\/v2\/media?parent=25230"}],"wp:term":[{"taxonomy":"category","embeddable":true,"href":"https:\/\/informacionlocal.es\/de\/wp-json\/wp\/v2\/categories?post=25230"},{"taxonomy":"post_tag","embeddable":true,"href":"https:\/\/informacionlocal.es\/de\/wp-json\/wp\/v2\/tags?post=25230"}],"curies":[{"name":"wp","href":"https:\/\/api.w.org\/{rel}","templated":true}]}}