{"id":25224,"date":"2026-09-03T19:02:07","date_gmt":"2026-09-03T18:02:07","guid":{"rendered":"https:\/\/informacionlocal.es\/abierto-el-plazo-para-solicitar-el-carne-de-artesano-y-artesana-correspondiente-a-septiembre\/"},"modified":"2026-09-03T19:02:07","modified_gmt":"2026-09-03T18:02:07","slug":"abierto-el-plazo-para-solicitar-el-carne-de-artesano-y-artesana-correspondiente-a-septiembre","status":"publish","type":"post","link":"https:\/\/informacionlocal.es\/de\/abierto-el-plazo-para-solicitar-el-carne-de-artesano-y-artesana-correspondiente-a-septiembre\/","title":{"rendered":"Abierto el plazo para solicitar el carn\u00e9 de artesano y artesana correspondiente a septiembre"},"content":{"rendered":"<div class=\"entry-content\"><strong>3 septiembre, 2026<\/strong><\/p>\n<h2><em>Las solicitudes podr\u00e1n presentarse hasta el 30 de septiembre en las Oficinas de Atenci\u00f3n al Ciudadano o de forma telem\u00e1tica<\/em><\/h2>\n<p>El Cabildo de Fuerteventura, a trav\u00e9s del Servicio de Artesan\u00eda, ha abierto el plazo de septiembre para la presentaci\u00f3n de solicitudes de obtenci\u00f3n del carn\u00e9 de artesano y artesana. Las personas interesadas podr\u00e1n realizar el tr\u00e1mite hasta el pr\u00f3ximo 30 de septiembre.<\/p>\n<p>Tanto la presidenta del Cabildo de Fuerteventura, Lola Garc\u00eda, como la consejera de Artesan\u00eda, Lolina Negr\u00edn, animan a las personas interesadas a participar en este proceso, que contribuye al reconocimiento y promoci\u00f3n de la actividad artesanal en Fuerteventura.<\/p>\n<p>Seg\u00fan Negr\u00edn, \u201ces importante que los artesanos y artesanas de Fuerteventura participen en esta convocatoria con el objetico de seguir preservando y promoviendo nuestra rica tradici\u00f3n artesanal, as\u00ed como la creatividad y destreza que caracteriza a la comunidad artesanal de nuestra Isla\u201d.<\/p>\n<p>La obtenci\u00f3n de documentaci\u00f3n e informaci\u00f3n se podr\u00e1 realizar en el Servicio de Artesan\u00eda del Cabildo de Fuerteventura de la calle Juan Dom\u00ednguez Pe\u00f1a en Puerto del Rosario, en el tel\u00e9fono 928533143, en las Oficinas de Atenci\u00f3n al Ciudadano (OAC) del Cabildo de Fuerteventura (Puerto del Rosario, Morro Jable, Corralejo y Gran Tarajal) as\u00ed como en la web oficial de Artesan\u00eda del Cabildo de Fuerteventura www.artesaniafuerteventura.com o en la web del Cabildo Insular de Fuerteventura www.cabildofuer.es. El horario de atenci\u00f3n e informaci\u00f3n al p\u00fablico ser\u00e1 de lunes a viernes de 08:00 a 14:00 horas.<\/p>\n<p>La solicitud del carn\u00e9 de artesano se presentar\u00e1 en el Registro General del Cabildo Insular de Fuerteventura, en los Registros Auxiliares de las Oficinas de Atenci\u00f3n al Ciudadano anteriormente rese\u00f1adas o bien telem\u00e1ticamente en la sede electr\u00f3nica del Cabildo de Fuerteventura a trav\u00e9s de la p\u00e1gina web www.cabildofuer.es.<\/p>\n<\/div>\n","protected":false},"excerpt":{"rendered":"<p>3 septiembre, 2026 Las solicitudes podr\u00e1n presentarse hasta el 30 de septiembre en las Oficinas de Atenci\u00f3n al Ciudadano o de forma telem\u00e1tica El Cabildo de Fuerteventura, a trav\u00e9s del [&hellip;]<\/p>\n","protected":false},"author":1,"featured_media":25226,"comment_status":"open","ping_status":"open","sticky":false,"template":"","format":"standard","meta":{"inline_featured_image":false,"jnews-multi-image_gallery":[],"jnews_single_post":[],"jnews_primary_category":[],"jnews_social_meta":[],"jnews_override_counter":[],"jnews_post_split":[],"footnotes":""},"categories":[58],"tags":[82],"class_list":["post-25224","post","type-post","status-publish","format-standard","has-post-thumbnail","hentry","category-cabildo","tag-fuerteventura"],"jetpack_featured_media_url":"https:\/\/informacionlocal.es\/wp-content\/uploads\/2026\/09\/carne-artesano.jpg","_links":{"self":[{"href":"https:\/\/informacionlocal.es\/de\/wp-json\/wp\/v2\/posts\/25224","targetHints":{"allow":["GET"]}}],"collection":[{"href":"https:\/\/informacionlocal.es\/de\/wp-json\/wp\/v2\/posts"}],"about":[{"href":"https:\/\/informacionlocal.es\/de\/wp-json\/wp\/v2\/types\/post"}],"author":[{"embeddable":true,"href":"https:\/\/informacionlocal.es\/de\/wp-json\/wp\/v2\/users\/1"}],"replies":[{"embeddable":true,"href":"https:\/\/informacionlocal.es\/de\/wp-json\/wp\/v2\/comments?post=25224"}],"version-history":[{"count":0,"href":"https:\/\/informacionlocal.es\/de\/wp-json\/wp\/v2\/posts\/25224\/revisions"}],"wp:featuredmedia":[{"embeddable":true,"href":"https:\/\/informacionlocal.es\/de\/wp-json\/wp\/v2\/media\/25226"}],"wp:attachment":[{"href":"https:\/\/informacionlocal.es\/de\/wp-json\/wp\/v2\/media?parent=25224"}],"wp:term":[{"taxonomy":"category","embeddable":true,"href":"https:\/\/informacionlocal.es\/de\/wp-json\/wp\/v2\/categories?post=25224"},{"taxonomy":"post_tag","embeddable":true,"href":"https:\/\/informacionlocal.es\/de\/wp-json\/wp\/v2\/tags?post=25224"}],"curies":[{"name":"wp","href":"https:\/\/api.w.org\/{rel}","templated":true}]}}