{"id":25218,"date":"2026-09-03T14:02:02","date_gmt":"2026-09-03T13:02:02","guid":{"rendered":"https:\/\/informacionlocal.es\/el-ayuntamiento-presenta-el-programa-de-dinamizacion-juventigua\/"},"modified":"2026-09-03T14:02:02","modified_gmt":"2026-09-03T13:02:02","slug":"el-ayuntamiento-presenta-el-programa-de-dinamizacion-juventigua","status":"publish","type":"post","link":"https:\/\/informacionlocal.es\/de\/el-ayuntamiento-presenta-el-programa-de-dinamizacion-juventigua\/","title":{"rendered":"El Ayuntamiento presenta el programa de dinamizaci\u00f3n \u2018Juventigua\u2019"},"content":{"rendered":"<div class=\"elementor-widget-container\">\n<p><strong>El Ayuntamiento presenta el programa de dinamizaci\u00f3n \u2018Juventigua\u2019<\/strong><\/p>\n<ul>\n<li>El alcalde, Juan Cabrera, y la concejala de Juventud, Sofia Alves, animan a los y las j\u00f3venes a participar en este programa con atractivos bloques tem\u00e1ticos de ocio, deporte, cultura, herramientas digitales y acciones comunitarias<\/li>\n<\/ul>\n<p>El Ayuntamiento de Antigua presenta este mes de septiembre el programa de dinamizaci\u00f3n juvenil \u2018Juventigua\u2019, que se prolongar\u00e1 hasta diciembre, bajo el lema: Conecta, participa, transforma. Dependiente de la concejal\u00eda de Juventud.<\/p>\n<p>El alcalde, Juan Cabrera, explica que se trata de una iniciativa municipal juvenil para participar, conocer gente, proponer ideas y disfrutar de actividades. \u201cLas reuniones o quedadas como las llaman son semanales en Antigua y Caleta de Fuste\u201d, a\u00f1ade el alcalde.<\/p>\n<p>\u00a0<\/p>\n<p>La concejala de Juventud, Sof\u00eda Alves, explica que este programa se ha puesto en marcha en colaboraci\u00f3n con la Asociaci\u00f3n Amanay, destinado a j\u00f3venes de 12 a 30 a\u00f1os.<\/p>\n<p>\u201cTenemos un c\u00f3digo QR para inscribirse y animamos a los j\u00f3venes a participar en este programa, que incluye bloques tem\u00e1ticos, muy atractivos como ocio educativo, deporte y juegos, cultura e identidad majorera, creatividad y redes, herramientas digitales e IA, convivencia intercultural y acciones comunitarias\u201d, resume Sof\u00eda Alves.<\/p>\n<p>El alcalde conclute que es un programa din\u00e1mico, atractivo, novedoso y muy importante para la formaci\u00f3n de la juventud del municipio que son el futuro de Antigua.<\/p>\n<p>Para mas informaci\u00f3n pueden pinchar en el c\u00f3digo QR y escribir al correo juventud@ayto-antigua.es<\/p>\n<p>\u00a0<\/p>\n<\/div>\n","protected":false},"excerpt":{"rendered":"<p><strong>El Ayuntamiento presenta el programa de dinamizaci\u00f3n \u2018Juventigua\u2019<\/strong><\/p>\n","protected":false},"author":1,"featured_media":25220,"comment_status":"open","ping_status":"open","sticky":false,"template":"","format":"standard","meta":{"inline_featured_image":false,"jnews-multi-image_gallery":[],"jnews_single_post":[],"jnews_primary_category":[],"jnews_social_meta":[],"jnews_override_counter":[],"jnews_post_split":[],"footnotes":""},"categories":[59],"tags":[],"class_list":["post-25218","post","type-post","status-publish","format-standard","has-post-thumbnail","hentry","category-antigua"],"jetpack_featured_media_url":"https:\/\/informacionlocal.es\/wp-content\/uploads\/2026\/09\/410f974b-aa64-4329-a852-c75604098a5a_edited.jpg","_links":{"self":[{"href":"https:\/\/informacionlocal.es\/de\/wp-json\/wp\/v2\/posts\/25218","targetHints":{"allow":["GET"]}}],"collection":[{"href":"https:\/\/informacionlocal.es\/de\/wp-json\/wp\/v2\/posts"}],"about":[{"href":"https:\/\/informacionlocal.es\/de\/wp-json\/wp\/v2\/types\/post"}],"author":[{"embeddable":true,"href":"https:\/\/informacionlocal.es\/de\/wp-json\/wp\/v2\/users\/1"}],"replies":[{"embeddable":true,"href":"https:\/\/informacionlocal.es\/de\/wp-json\/wp\/v2\/comments?post=25218"}],"version-history":[{"count":0,"href":"https:\/\/informacionlocal.es\/de\/wp-json\/wp\/v2\/posts\/25218\/revisions"}],"wp:featuredmedia":[{"embeddable":true,"href":"https:\/\/informacionlocal.es\/de\/wp-json\/wp\/v2\/media\/25220"}],"wp:attachment":[{"href":"https:\/\/informacionlocal.es\/de\/wp-json\/wp\/v2\/media?parent=25218"}],"wp:term":[{"taxonomy":"category","embeddable":true,"href":"https:\/\/informacionlocal.es\/de\/wp-json\/wp\/v2\/categories?post=25218"},{"taxonomy":"post_tag","embeddable":true,"href":"https:\/\/informacionlocal.es\/de\/wp-json\/wp\/v2\/tags?post=25218"}],"curies":[{"name":"wp","href":"https:\/\/api.w.org\/{rel}","templated":true}]}}