{"id":25194,"date":"2026-09-02T21:01:45","date_gmt":"2026-09-02T20:01:45","guid":{"rendered":"https:\/\/informacionlocal.es\/declaracion-institucional-de-la-junta-de-gobierno-local-del-ayuntamiento-de-puerto-del-rosario-con-motivo-del-dia-de-la-autonomia-de-ceuta\/"},"modified":"2026-09-02T21:01:45","modified_gmt":"2026-09-02T20:01:45","slug":"declaracion-institucional-de-la-junta-de-gobierno-local-del-ayuntamiento-de-puerto-del-rosario-con-motivo-del-dia-de-la-autonomia-de-ceuta","status":"publish","type":"post","link":"https:\/\/informacionlocal.es\/de\/declaracion-institucional-de-la-junta-de-gobierno-local-del-ayuntamiento-de-puerto-del-rosario-con-motivo-del-dia-de-la-autonomia-de-ceuta\/","title":{"rendered":"DECLARACI\u00d3N INSTITUCIONAL DE LA JUNTA DE GOBIERNO LOCAL DEL AYUNTAMIENTO DE PUERTO DEL ROSARIO CON MOTIVO DEL D\u00cdA DE LA AUTONOM\u00cdA DE CEUTA"},"content":{"rendered":"<div class=\"entry-content\">\n<p>Con motivo del D\u00eda de la Autonom\u00eda de Ceuta, que se conmemora el 2 de septiembre, el Ayuntamiento de Puerto del Rosario quiere trasladar p\u00fablicamente su solidaridad, afecto y respaldo institucional a toda la ciudadan\u00eda ceut\u00ed, as\u00ed como a sus instituciones y representantes democr\u00e1ticamente elegidos.<\/p>\n<p>Puerto del Rosario, como municipio insular y atl\u00e1ntico, capital de Fuerteventura, conoce de primera mano las particularidades, los desaf\u00edos y las oportunidades que se derivan de vivir en un territorio con una realidad geogr\u00e1fica singular y de su condici\u00f3n de Regi\u00f3n Ultraperif\u00e9rica de la Uni\u00f3n Europea como es Canarias. Desde esta experiencia compartida, queremos poner de manifiesto nuestra especial sensibilidad hacia Ceuta y hacia las circunstancias que afectan a su ciudadan\u00eda, reafirmando los v\u00ednculos de solidaridad entre territorios que, aun con sus propias singularidades, comparten la necesidad de contar con una respuesta firme y permanente de las instituciones del Estado.<\/p>\n<p>El Ayuntamiento de Puerto del Rosario manifiesta su apoyo institucional a la ciudad de Ceuta y a sus habitantes, especialmente ante cualquier circunstancia que pueda alterar la convivencia, la seguridad, la estabilidad y la tranquilidad que leg\u00edtimamente merecen sus ciudadanos y ciudadanas.<\/p>\n<p>Asimismo, esta Corporaci\u00f3n considera fundamental que el Estado, a trav\u00e9s de las distintas instituciones, ejerza con determinaci\u00f3n sus responsabilidades constitucionales preservando y protegiendo la integridad y los l\u00edmites territoriales del mismo, garantizando en todo momento la seguridad de sus ciudadanos y la inviolabilidad de su territorio. Los acontecimientos que se produjeron el pasado 30 de julio no deben volver a producirse por lo que debe encontrarse una respuesta institucional eficaz que evite su repetici\u00f3n.<\/p>\n<p>La defensa de la integridad territorial debe ir acompa\u00f1ada de una actuaci\u00f3n orientada a devolver y preservar la tranquilidad de la ciudadan\u00eda, mediante procedimientos \u00e1giles, eficaces y coordinados que permitan responder con rapidez ante situaciones de especial sensibilidad y que contribuyan a afianzar la confianza de la poblaci\u00f3n en las instituciones y en su capacidad para proteger sus derechos y libertades.<\/p>\n<p>El Ayuntamiento de Puerto del Rosario reivindica igualmente que toda actuaci\u00f3n institucional debe situar en el centro la dignidad de las personas, el respeto a los derechos fundamentales, la unidad, la seguridad y la convivencia, evitando que cualquier circunstancia pol\u00edtica o territorial pueda traducirse en situaciones de incertidumbre, vulnerabilidad o desprotecci\u00f3n para la ciudadan\u00eda.<\/p>\n<p>En este sentido, esta Corporaci\u00f3n expresa su rechazo a cualquier pretensi\u00f3n expansionista del Reino de Marruecos que cuestione las Ciudades Aut\u00f3nomas, poniendo en riesgo la estabilidad territorial, la seguridad o la convivencia en dichos territorios. Este posicionamiento resulta plenamente compatible con la necesidad de mantener y fortalecer unas relaciones de buena vecindad que redunden en el desarrollo leg\u00edtimo de las aspiraciones de ambos pa\u00edses. La cooperaci\u00f3n transfronteriza, la seguridad, el desarrollo econ\u00f3mico y cultural, la gesti\u00f3n de los flujos migratorios y la convivencia requieren responsabilidad, coordinaci\u00f3n, respeto mutuo y lealtad.<\/p>\n<p>Por todo ello, el <strong>Ayuntamiento de Puerto del Rosario<\/strong>:<\/p>\n<ol>\n<li><strong>Expresa su solidaridad y afecto a la ciudadan\u00eda de Ceuta, con motivo de la celebraci\u00f3n de su D\u00eda de la Autonom\u00eda, traslad\u00e1ndole el reconocimiento y respaldo de la Corporaci\u00f3n municipal y de sus vecinos.<\/strong><\/li>\n<li><strong>Manifiesta su apoyo institucional a Ceuta, a sus instituciones y a sus ciudadanos y ciudadanas, reafirmando el compromiso con la defensa de su seguridad, estabilidad y convivencia y el firme deseo de que pronto pueda recuperar la normalidad.<\/strong><\/li>\n<\/ol>\n<\/div>\n","protected":false},"excerpt":{"rendered":"<p>Con motivo del D\u00eda de la Autonom\u00eda de Ceuta, que se conmemora el 2 de septiembre, el Ayuntamiento de Puerto del Rosario quiere trasladar p\u00fablicamente su solidaridad, afecto y respaldo [&hellip;]<\/p>\n","protected":false},"author":1,"featured_media":25196,"comment_status":"open","ping_status":"open","sticky":false,"template":"","format":"standard","meta":{"inline_featured_image":false,"jnews-multi-image_gallery":[],"jnews_single_post":[],"jnews_primary_category":[],"jnews_social_meta":[],"jnews_override_counter":[],"jnews_post_split":[],"footnotes":""},"categories":[61],"tags":[82],"class_list":["post-25194","post","type-post","status-publish","format-standard","has-post-thumbnail","hentry","category-puerto-del-rosario","tag-fuerteventura"],"jetpack_featured_media_url":"https:\/\/informacionlocal.es\/wp-content\/uploads\/2026\/09\/ceuta-titular-manifiesto-grupo-scaled-1.jpg","_links":{"self":[{"href":"https:\/\/informacionlocal.es\/de\/wp-json\/wp\/v2\/posts\/25194","targetHints":{"allow":["GET"]}}],"collection":[{"href":"https:\/\/informacionlocal.es\/de\/wp-json\/wp\/v2\/posts"}],"about":[{"href":"https:\/\/informacionlocal.es\/de\/wp-json\/wp\/v2\/types\/post"}],"author":[{"embeddable":true,"href":"https:\/\/informacionlocal.es\/de\/wp-json\/wp\/v2\/users\/1"}],"replies":[{"embeddable":true,"href":"https:\/\/informacionlocal.es\/de\/wp-json\/wp\/v2\/comments?post=25194"}],"version-history":[{"count":0,"href":"https:\/\/informacionlocal.es\/de\/wp-json\/wp\/v2\/posts\/25194\/revisions"}],"wp:featuredmedia":[{"embeddable":true,"href":"https:\/\/informacionlocal.es\/de\/wp-json\/wp\/v2\/media\/25196"}],"wp:attachment":[{"href":"https:\/\/informacionlocal.es\/de\/wp-json\/wp\/v2\/media?parent=25194"}],"wp:term":[{"taxonomy":"category","embeddable":true,"href":"https:\/\/informacionlocal.es\/de\/wp-json\/wp\/v2\/categories?post=25194"},{"taxonomy":"post_tag","embeddable":true,"href":"https:\/\/informacionlocal.es\/de\/wp-json\/wp\/v2\/tags?post=25194"}],"curies":[{"name":"wp","href":"https:\/\/api.w.org\/{rel}","templated":true}]}}