{"id":25188,"date":"2026-09-02T20:01:06","date_gmt":"2026-09-02T19:01:06","guid":{"rendered":"https:\/\/informacionlocal.es\/el-ayuntamiento-de-pajara-celebra-la-licitacion-del-primer-centro-de-dia-para-mayores-en-costa-calma\/"},"modified":"2026-09-02T20:01:06","modified_gmt":"2026-09-02T19:01:06","slug":"el-ayuntamiento-de-pajara-celebra-la-licitacion-del-primer-centro-de-dia-para-mayores-en-costa-calma","status":"publish","type":"post","link":"https:\/\/informacionlocal.es\/de\/el-ayuntamiento-de-pajara-celebra-la-licitacion-del-primer-centro-de-dia-para-mayores-en-costa-calma\/","title":{"rendered":"El Ayuntamiento de P\u00e1jara celebra la licitaci\u00f3n del primer Centro de D\u00eda para mayores en Costa Calma"},"content":{"rendered":"<div class=\"entry-content\">\n<p>\u00a0<\/p>\n<p><strong>La obra, posible gracias a la cesi\u00f3n de suelo municipal, contar\u00e1 con una inversi\u00f3n de m\u00e1s de 5 millones de euros del Cabildo de Fuerteventura, que ha activado esta ma\u00f1ana la licitaci\u00f3n a trav\u00e9s de la Consejer\u00eda de Acci\u00f3n Social<\/strong><\/p>\n<p><strong>\u00a0<\/strong>El Ayuntamiento de P\u00e1jara celebra la licitaci\u00f3n del nuevo Centro de Estancia Diurna para Personas Mayores Dependientes de Costa Calma, el primer Centro de D\u00eda para mayores del municipio. El proyecto, impulsado por el Cabildo de Fuerteventura a trav\u00e9s de la Consejer\u00eda de Acci\u00f3n Social, contar\u00e1 con una inversi\u00f3n de 5.181.048 euros y ser\u00e1 posible gracias a la cesi\u00f3n de una parcela municipal situada en la zona de Ca\u00f1ada del R\u00edo.<\/p>\n<p>La infraestructura permitir\u00e1 incorporar 30 plazas sociosanitarias destinadas a personas mayores dependientes de P\u00e1jara y, especialmente, a la poblaci\u00f3n de la zona sur de Fuerteventura. El plazo de ejecuci\u00f3n previsto para las obras es de 16 meses.<\/p>\n<p>Desde el Grupo de Gobierno del Ayuntamiento de P\u00e1jara, el alcalde Alejandro Jorge, el concejal de obras, Alexis Alonso, la concejala de Servicios Sociales, Kathaisa Rodr\u00edguez, y la concejala de Tercera Edad, Raquel Acosta, destacan que la puesta en marcha de este proyecto supone \u201cun paso hist\u00f3rico para P\u00e1jara y una infraestructura clave para atender las necesidades de las personas mayores y sus familias en nuestro municipio\u201d.<\/p>\n<p>Asimismo, ponen en valor la colaboraci\u00f3n mantenida entre ambas Administraciones para hacer posible el proyecto y agradecen la implicaci\u00f3n del Cabildo de Fuerteventura, de su presidenta, Lola Garc\u00eda, y del consejero de Acci\u00f3n Social, V\u00edctor Alonso, para avanzar en una infraestructura prioritaria.<\/p>\n<p>El nuevo Centro de D\u00eda contar\u00e1 con espacios destinados a terapia ocupacional, atenci\u00f3n sanitaria y social, salas polivalentes y zonas de atenci\u00f3n a las familias. Tambi\u00e9n dispondr\u00e1 de servicios de manutenci\u00f3n, cuidados, promoci\u00f3n de la autonom\u00eda personal y transporte, entre otras prestaciones orientadas a mejorar la atenci\u00f3n y el bienestar de las personas usuarias.<\/p>\n<p>La construcci\u00f3n del centro permitir\u00e1 ampliar los recursos de atenci\u00f3n a las personas mayores dependientes en el sur de la Isla y ofrecer un servicio de apoyo tanto a las personas usuarias como a sus familias, favoreciendo una atenci\u00f3n m\u00e1s cercana y especializada.<\/p>\n<p>El plazo para presentar ofertas a la licitaci\u00f3n permanecer\u00e1 abierto del 3 al 29 de septiembre de 2026, hasta las 12:00 horas. La documentaci\u00f3n y las condiciones del procedimiento pueden consultarse en el Perfil del Contratante del Cabildo de Fuerteventura.<\/p>\n<\/div>\n","protected":false},"excerpt":{"rendered":"<p>\u00a0 La obra, posible gracias a la cesi\u00f3n de suelo municipal, contar\u00e1 con una inversi\u00f3n de m\u00e1s de 5 millones de euros del Cabildo de Fuerteventura, que ha activado esta [&hellip;]<\/p>\n","protected":false},"author":1,"featured_media":25190,"comment_status":"open","ping_status":"open","sticky":false,"template":"","format":"standard","meta":{"inline_featured_image":false,"jnews-multi-image_gallery":[],"jnews_single_post":[],"jnews_primary_category":[],"jnews_social_meta":[],"jnews_override_counter":[],"jnews_post_split":[],"footnotes":""},"categories":[63],"tags":[82],"class_list":["post-25188","post","type-post","status-publish","format-standard","has-post-thumbnail","hentry","category-pajara","tag-fuerteventura"],"jetpack_featured_media_url":"https:\/\/informacionlocal.es\/wp-content\/uploads\/2026\/09\/b5441f35-51f1-463f-bc08-a32712295596-2-scaled-1.png","_links":{"self":[{"href":"https:\/\/informacionlocal.es\/de\/wp-json\/wp\/v2\/posts\/25188","targetHints":{"allow":["GET"]}}],"collection":[{"href":"https:\/\/informacionlocal.es\/de\/wp-json\/wp\/v2\/posts"}],"about":[{"href":"https:\/\/informacionlocal.es\/de\/wp-json\/wp\/v2\/types\/post"}],"author":[{"embeddable":true,"href":"https:\/\/informacionlocal.es\/de\/wp-json\/wp\/v2\/users\/1"}],"replies":[{"embeddable":true,"href":"https:\/\/informacionlocal.es\/de\/wp-json\/wp\/v2\/comments?post=25188"}],"version-history":[{"count":0,"href":"https:\/\/informacionlocal.es\/de\/wp-json\/wp\/v2\/posts\/25188\/revisions"}],"wp:featuredmedia":[{"embeddable":true,"href":"https:\/\/informacionlocal.es\/de\/wp-json\/wp\/v2\/media\/25190"}],"wp:attachment":[{"href":"https:\/\/informacionlocal.es\/de\/wp-json\/wp\/v2\/media?parent=25188"}],"wp:term":[{"taxonomy":"category","embeddable":true,"href":"https:\/\/informacionlocal.es\/de\/wp-json\/wp\/v2\/categories?post=25188"},{"taxonomy":"post_tag","embeddable":true,"href":"https:\/\/informacionlocal.es\/de\/wp-json\/wp\/v2\/tags?post=25188"}],"curies":[{"name":"wp","href":"https:\/\/api.w.org\/{rel}","templated":true}]}}