{"id":25176,"date":"2026-09-02T15:02:22","date_gmt":"2026-09-02T14:02:22","guid":{"rendered":"https:\/\/informacionlocal.es\/fuerteventura-se-prepara-para-celebrar-las-fiestas-en-honor-a-nuestra-senora-de-la-pena-del-17-al-20-de-septiembre\/"},"modified":"2026-09-02T15:02:22","modified_gmt":"2026-09-02T14:02:22","slug":"fuerteventura-se-prepara-para-celebrar-las-fiestas-en-honor-a-nuestra-senora-de-la-pena-del-17-al-20-de-septiembre","status":"publish","type":"post","link":"https:\/\/informacionlocal.es\/de\/fuerteventura-se-prepara-para-celebrar-las-fiestas-en-honor-a-nuestra-senora-de-la-pena-del-17-al-20-de-septiembre\/","title":{"rendered":"Fuerteventura se prepara para celebrar las Fiestas en Honor a Nuestra Se\u00f1ora de La Pe\u00f1a del 17 al 20 de septiembre"},"content":{"rendered":"<div class=\"entry-content\"><strong>2 septiembre, 2026<\/strong><\/p>\n<h2><em>La programaci\u00f3n combina tradici\u00f3n, devoci\u00f3n, cultura, m\u00fasica y gastronom\u00eda en torno a la patrona de la isla<\/em><\/h2>\n<p>Fuerteventura se prepara para celebrar, del 17 al 20 de septiembre, las Fiestas en Honor a Nuestra Se\u00f1ora de La Pe\u00f1a, patrona de la isla, la mayor celebraci\u00f3n del calendario majorero y una cita que cada a\u00f1o re\u00fane a miles de personas en torno a la tradici\u00f3n y la cultura.<\/p>\n<p>El programa de esta edici\u00f3n volver\u00e1 a combinar los actos religiosos con una amplia propuesta cultural y popular, con la participaci\u00f3n de vecinos, peregrinos y visitantes llegados desde distintos puntos de Fuerteventura. La Vega de R\u00edo Palmas volver\u00e1 a convertirse durante estos d\u00edas en punto de encuentro para compartir una celebraci\u00f3n profundamente arraigada en la identidad de la isla.<\/p>\n<p>La presentaci\u00f3n del programa tuvo lugar esta ma\u00f1ana en la Vega de R\u00edo Palmas, con la participaci\u00f3n de la presidenta del Cabildo de Fuerteventura, Lola Garc\u00eda; el consejero de Cultura, Rayco Le\u00f3n; el concejal del Ayuntamiento de Betancuria, Jos\u00e9 Cerde\u00f1a, en representaci\u00f3n de la Corporaci\u00f3n municipal; Aday Garc\u00eda en representaci\u00f3n de la Di\u00f3cesis de Canarias y el p\u00e1rroco de Betancuria, Juan Antonio Artiles.<\/p>\n<p>La presidenta del Cabildo de Fuerteventura, Lola Garc\u00eda, destac\u00f3 que \u201cpara el Cabildo de Fuerteventura, La Pe\u00f1a es devoci\u00f3n hacia la Virgen, pero tambi\u00e9n cultura, tradici\u00f3n y, sobre todo, identidad. Es un momento para hacer y cumplir promesas, y la promesa que desde el Cabildo mantenemos y renovamos cada d\u00eda es seguir defendiendo esta tierra, nuestras ra\u00edces y nuestras tradiciones, y trabajar siempre para mejorar la calidad de vida de todas las personas\u201d.<\/p>\n<p>Por su parte, Rayco Le\u00f3n, se\u00f1al\u00f3 que \u201cpocas celebraciones hablan tanto de Fuerteventura como la festividad de La Pe\u00f1a. Es un encuentro con Fuerteventura y con nuestra tradici\u00f3n, que combina la romer\u00eda y otros elementos tradicionales con los actos religiosos, la gastronom\u00eda, el deporte y las celebraciones populares\u201d.<\/p>\n<p>Jos\u00e9 Cerde\u00f1a, manifest\u00f3 que \u201ccomo cada a\u00f1o, todos los caminos de Fuerteventura conducen a la Vega de R\u00edo Palmas. Invitamos a toda la poblaci\u00f3n a participar en las actividades y a seguir manteniendo vivas nuestras tradiciones y costumbres\u201d.<\/p>\n<p>En representaci\u00f3n de la Di\u00f3cesis de Canarias, Aday Garc\u00eda, afirm\u00f3 que \u201ces un honor estar aqu\u00ed, en este coraz\u00f3n espiritual de la isla de Fuerteventura, con mucha ilusi\u00f3n y esperanza para celebrar a la patrona de esta isla y de todos los majoreros. La Pe\u00f1a mantiene una tradici\u00f3n y una devoci\u00f3n profundamente vinculadas a la historia de Fuerteventura\u201d.<\/p>\n<p>Antonio Ravelo asegur\u00f3 que \u201ces muy ilusionante para alguien de aqu\u00ed, de este municipio y de este pueblo, asumir el preg\u00f3n de La Pe\u00f1a. Lo hago con mucha responsabilidad, respeto y rigor, pero tambi\u00e9n con mucha alegr\u00eda, recordando las vivencias y a las personas que forman parte de la historia de estas fiestas\u201d.<\/p>\n<h3>Tradici\u00f3n y celebraci\u00f3n<\/h3>\n<p>Entre los momentos centrales de las fiestas se encuentra la tradicional Romer\u00eda-Ofrenda en honor a Nuestra Se\u00f1ora de La Pe\u00f1a, que se celebrar\u00e1 el viernes 18 de septiembre a partir de las 17.00 horas. Romeros y agrupaciones folcl\u00f3ricas recorrer\u00e1n el camino hasta el Santuario, manteniendo viva una de las tradiciones m\u00e1s representativas de la celebraci\u00f3n.<\/p>\n<p>El s\u00e1bado 19 tendr\u00e1 lugar uno de los actos principales de las fiestas, con el traslado de la imagen de la Virgen hasta la plaza y la celebraci\u00f3n de la solemne Eucarist\u00eda, presidida por el Obispo de la Di\u00f3cesis de Canarias. La jornada contar\u00e1 tambi\u00e9n con propuestas vinculadas a la gastronom\u00eda, el folclore y el encuentro entre generaciones.<\/p>\n<p>La programaci\u00f3n popular se completa con diferentes actuaciones musicales, actividades familiares y deportivas, entre ellas la tradicional luchada en honor a la Virgen, que tendr\u00e1 lugar el domingo 20 de septiembre.<\/p>\n<p>Las fiestas incorporar\u00e1n adem\u00e1s la tradicional Muestra de Ganado MUGABE, vinculada a la cultura ganadera de la isla y al car\u00e1cter rural de Betancuria, reforzando la presencia del sector primario dentro de esta celebraci\u00f3n.<\/p>\n<p>La celebraci\u00f3n en Honor a Nuestra Se\u00f1ora de La Pe\u00f1a volver\u00e1n as\u00ed a reunir en la Vega de R\u00edo Palmas tradici\u00f3n y celebraci\u00f3n popular, manteniendo viva una festividad que forma parte del patrimonio cultural y de la identidad de Fuerteventura.<\/p>\n<p>Consulta el programa completo aqu\u00ed: https:\/\/culturafuerteventura.es\/wp-content\/uploads\/2026\/09\/programa-pena.pdf<\/p>\n<\/div>\n","protected":false},"excerpt":{"rendered":"<p>2 septiembre, 2026 La programaci\u00f3n combina tradici\u00f3n, devoci\u00f3n, cultura, m\u00fasica y gastronom\u00eda en torno a la patrona de la isla Fuerteventura se prepara para celebrar, del 17 al 20 de [&hellip;]<\/p>\n","protected":false},"author":1,"featured_media":25178,"comment_status":"open","ping_status":"open","sticky":false,"template":"","format":"standard","meta":{"inline_featured_image":false,"jnews-multi-image_gallery":[],"jnews_single_post":[],"jnews_primary_category":[],"jnews_social_meta":[],"jnews_override_counter":[],"jnews_post_split":[],"footnotes":""},"categories":[58],"tags":[82],"class_list":["post-25176","post","type-post","status-publish","format-standard","has-post-thumbnail","hentry","category-cabildo","tag-fuerteventura"],"jetpack_featured_media_url":"https:\/\/informacionlocal.es\/wp-content\/uploads\/2026\/09\/whatsapp-image-2026-09-02-at-12-24-03.jpeg","_links":{"self":[{"href":"https:\/\/informacionlocal.es\/de\/wp-json\/wp\/v2\/posts\/25176","targetHints":{"allow":["GET"]}}],"collection":[{"href":"https:\/\/informacionlocal.es\/de\/wp-json\/wp\/v2\/posts"}],"about":[{"href":"https:\/\/informacionlocal.es\/de\/wp-json\/wp\/v2\/types\/post"}],"author":[{"embeddable":true,"href":"https:\/\/informacionlocal.es\/de\/wp-json\/wp\/v2\/users\/1"}],"replies":[{"embeddable":true,"href":"https:\/\/informacionlocal.es\/de\/wp-json\/wp\/v2\/comments?post=25176"}],"version-history":[{"count":0,"href":"https:\/\/informacionlocal.es\/de\/wp-json\/wp\/v2\/posts\/25176\/revisions"}],"wp:featuredmedia":[{"embeddable":true,"href":"https:\/\/informacionlocal.es\/de\/wp-json\/wp\/v2\/media\/25178"}],"wp:attachment":[{"href":"https:\/\/informacionlocal.es\/de\/wp-json\/wp\/v2\/media?parent=25176"}],"wp:term":[{"taxonomy":"category","embeddable":true,"href":"https:\/\/informacionlocal.es\/de\/wp-json\/wp\/v2\/categories?post=25176"},{"taxonomy":"post_tag","embeddable":true,"href":"https:\/\/informacionlocal.es\/de\/wp-json\/wp\/v2\/tags?post=25176"}],"curies":[{"name":"wp","href":"https:\/\/api.w.org\/{rel}","templated":true}]}}