{"id":25158,"date":"2026-09-01T18:01:11","date_gmt":"2026-09-01T17:01:11","guid":{"rendered":"https:\/\/informacionlocal.es\/el-cabildo-de-fuerteventura-y-el-ayuntamiento-de-la-oliva-firman-el-convenio-para-dinamizar-el-sector-comercial-del-municipio\/"},"modified":"2026-09-01T18:01:11","modified_gmt":"2026-09-01T17:01:11","slug":"el-cabildo-de-fuerteventura-y-el-ayuntamiento-de-la-oliva-firman-el-convenio-para-dinamizar-el-sector-comercial-del-municipio","status":"publish","type":"post","link":"https:\/\/informacionlocal.es\/de\/el-cabildo-de-fuerteventura-y-el-ayuntamiento-de-la-oliva-firman-el-convenio-para-dinamizar-el-sector-comercial-del-municipio\/","title":{"rendered":"El Cabildo de Fuerteventura y el Ayuntamiento de La Oliva firman el convenio para dinamizar el sector comercial del municipio"},"content":{"rendered":"<div class=\"entry-content\"><strong>1 septiembre, 2026<\/strong><\/p>\n<h2>El Cabildo de Fuerteventura, a trav\u00e9s de la Consejer\u00eda de Comercio, y el Ayuntamiento de La Oliva, han suscrito el convenio de colaboraci\u00f3n para la dinamizaci\u00f3n comercial del municipio. Un convenio que ha sido firmado por la presidenta insular, Lola Garc\u00eda, la consejera de Comercio, Lolina Negr\u00edn, el alcalde de La Oliva, Isa\u00ed Blanco, y la concejala del \u00e1rea, Alexandra Mart\u00edn.<\/h2>\n<p>El convenio suscrito asciende a 20.384,85 euros, cofinanciados por el Cabildo de Fuerteventura y el Ayuntamiento de La Oliva, con el objetivo de atraer p\u00fablico a las zonas comerciales abiertas, fomentar el consumo en comercios locales y difundir la riqueza cultural y gastron\u00f3mica de Canarias.<\/p>\n<p>La presidenta del Cabildo, Lola Garc\u00eda, resalta el compromiso del Cabildo con el desarrollo del comercio local como base de la actividad econ\u00f3mica majorera. En este sentido, es importante la cooperaci\u00f3n interadministrativa para llevar este tipo de acciones a los seis municipios de Fuerteventura.<\/p>\n<p>La consejera de Comercio, Lolina Negr\u00edn, ha explicado que los convenios en materia de comercio que superan los 63.000 euros este 2026, y se suma a la financiaci\u00f3n que se concede a colectivos y asociaciones de comerciantes de los diferentes municipios, as\u00ed como la campa\u00f1a \u2018Yo Compro en Fuerteventura\u2019 en colaboraci\u00f3n con la Federaci\u00f3n de \u00c1reas Urbanas de Canarias (FAUCA).<\/p>\n<p>El alcalde de La Oliva, Isa\u00ed Blanco, manifiesta la importancia de seguir renovando un a\u00f1o m\u00e1s el convenio: \u00abla renovaci\u00f3n de este acuerdo nos permite seguir respaldando al comercio local, generando actividad en las zonas comerciales de La Oliva e impulsando, de este modo, la actividad econ\u00f3mica en nuestro municipio.\u201d<\/p>\n<p>Por su parte, la concejala de Comercio del Ayuntamiento de La Oliva, Alexandra Mart\u00edn, se\u00f1ala: \u201cla subvenci\u00f3n correspondiente a la anualidad 2026 se ha destinado, como es habitual, a la dinamizaci\u00f3n de la Zona Comercial Abierta de Corralejo, reforzando nuestro apoyo al comercio Con la firma de este acuerdo correspondiente a la anualidad 2026, el Ayuntamiento de La Oliva y el Cabildo de Fuerteventura mantienen su apuesta conjunta por la dinamizaci\u00f3n comercial, el fortalecimiento de las zonas comerciales abiertas y el apoyo al tejido comercial\u00bb.<\/p>\n<\/div>\n","protected":false},"excerpt":{"rendered":"<p>1 septiembre, 2026 El Cabildo de Fuerteventura, a trav\u00e9s de la Consejer\u00eda de Comercio, y el Ayuntamiento de La Oliva, han suscrito el convenio de colaboraci\u00f3n para la dinamizaci\u00f3n comercial [&hellip;]<\/p>\n","protected":false},"author":1,"featured_media":25160,"comment_status":"open","ping_status":"open","sticky":false,"template":"","format":"standard","meta":{"inline_featured_image":false,"jnews-multi-image_gallery":[],"jnews_single_post":[],"jnews_primary_category":[],"jnews_social_meta":[],"jnews_override_counter":[],"jnews_post_split":[],"footnotes":""},"categories":[58],"tags":[367,82,65],"class_list":["post-25158","post","type-post","status-publish","format-standard","has-post-thumbnail","hentry","category-cabildo","tag-comercio","tag-fuerteventura","tag-municipios"],"jetpack_featured_media_url":"https:\/\/informacionlocal.es\/wp-content\/uploads\/2026\/09\/convenidolaoliva.jpeg","_links":{"self":[{"href":"https:\/\/informacionlocal.es\/de\/wp-json\/wp\/v2\/posts\/25158","targetHints":{"allow":["GET"]}}],"collection":[{"href":"https:\/\/informacionlocal.es\/de\/wp-json\/wp\/v2\/posts"}],"about":[{"href":"https:\/\/informacionlocal.es\/de\/wp-json\/wp\/v2\/types\/post"}],"author":[{"embeddable":true,"href":"https:\/\/informacionlocal.es\/de\/wp-json\/wp\/v2\/users\/1"}],"replies":[{"embeddable":true,"href":"https:\/\/informacionlocal.es\/de\/wp-json\/wp\/v2\/comments?post=25158"}],"version-history":[{"count":0,"href":"https:\/\/informacionlocal.es\/de\/wp-json\/wp\/v2\/posts\/25158\/revisions"}],"wp:featuredmedia":[{"embeddable":true,"href":"https:\/\/informacionlocal.es\/de\/wp-json\/wp\/v2\/media\/25160"}],"wp:attachment":[{"href":"https:\/\/informacionlocal.es\/de\/wp-json\/wp\/v2\/media?parent=25158"}],"wp:term":[{"taxonomy":"category","embeddable":true,"href":"https:\/\/informacionlocal.es\/de\/wp-json\/wp\/v2\/categories?post=25158"},{"taxonomy":"post_tag","embeddable":true,"href":"https:\/\/informacionlocal.es\/de\/wp-json\/wp\/v2\/tags?post=25158"}],"curies":[{"name":"wp","href":"https:\/\/api.w.org\/{rel}","templated":true}]}}