{"id":25152,"date":"2026-09-01T16:01:24","date_gmt":"2026-09-01T15:01:24","guid":{"rendered":"https:\/\/informacionlocal.es\/el-ayuntamiento-de-pajara-mejora-las-instalaciones-del-centro-de-mayores-de-morro-jable\/"},"modified":"2026-09-01T16:01:24","modified_gmt":"2026-09-01T15:01:24","slug":"el-ayuntamiento-de-pajara-mejora-las-instalaciones-del-centro-de-mayores-de-morro-jable","status":"publish","type":"post","link":"https:\/\/informacionlocal.es\/de\/el-ayuntamiento-de-pajara-mejora-las-instalaciones-del-centro-de-mayores-de-morro-jable\/","title":{"rendered":"El Ayuntamiento de P\u00e1jara mejora las instalaciones del Centro de Mayores de Morro Jable"},"content":{"rendered":"<div class=\"entry-content\">\n<p><b><i>La actuaci\u00f3n, impulsada por la Concejal\u00eda de Obras, contempla la renovaci\u00f3n de los espacios interiores y exteriores del centro<\/i><\/b><\/p>\n<p><span>El Ayuntamiento de P\u00e1jara, a trav\u00e9s de la Concejal\u00eda de Obras que dirige Alexis Alonso, llev\u00f3 a cabo trabajos de pintura en el Centro de Mayores de Morro Jable con el objetivo de mejorar el estado y la imagen de estas instalaciones municipales.<\/span><\/p>\n<p><span>La actuaci\u00f3n incluy\u00f3 la pintura de los espacios interiores y exteriores del centro, renovando las distintas estancias y zonas comunes utilizadas habitualmente por las personas usuarias.<\/span><\/p>\n<p><span>El concejal de Obras, Alexis Alonso, destaca que \u201cactuamos tanto en el interior como en el exterior del centro para mejorar sus condiciones y ofrecer un espacio m\u00e1s cuidado a las personas que hacen uso de estas instalaciones. Seguiremos atendiendo las necesidades de los edificios municipales para mantenerlos en las mejores condiciones\u201d.<\/span><\/p>\n<p><span>Por su parte, la concejala de Tercera Edad, Raquel Acosta, se\u00f1ala que \u201clos centros municipales son espacios de encuentro y participaci\u00f3n, por lo que es importante que cuenten con unas instalaciones adecuadas y agradables para quienes los utilizan\u201d.<\/span><\/p>\n<p><span>El alcalde de P\u00e1jara, Alejandro Jorge, subraya que \u201cestas actuaciones forman parte del trabajo que estamos desarrollando para mejorar progresivamente los espacios p\u00fablicos del municipio. Nuestro compromiso es continuar interviniendo en los edificios municipales y atender las necesidades que se detecten en cada uno de ellos\u201d.<\/span><\/p>\n<p><span>El Ayuntamiento continuar\u00e1 desarrollando trabajos de mantenimiento y mejora en diferentes espacios p\u00fablicos de P\u00e1jara, con el objetivo de conservar adecuadamente las instalaciones y ofrecer instalaciones m\u00e1s funcionales y cuidados a la ciudadan\u00eda.<\/span><\/p>\n<\/div>\n","protected":false},"excerpt":{"rendered":"<p><i>La actuaci\u00f3n, impulsada por la Concejal\u00eda de Obras, contempla la renovaci\u00f3n de los espacios interiores y exteriores del centro<\/i><\/p>\n","protected":false},"author":1,"featured_media":25154,"comment_status":"open","ping_status":"open","sticky":false,"template":"","format":"standard","meta":{"inline_featured_image":false,"jnews-multi-image_gallery":[],"jnews_single_post":[],"jnews_primary_category":[],"jnews_social_meta":[],"jnews_override_counter":[],"jnews_post_split":[],"footnotes":""},"categories":[63],"tags":[],"class_list":["post-25152","post","type-post","status-publish","format-standard","has-post-thumbnail","hentry","category-pajara"],"jetpack_featured_media_url":"https:\/\/informacionlocal.es\/wp-content\/uploads\/2026\/09\/el-ayuntamiento-de-pajara-mejora-las-instalaciones-del-centro-de-mayores-de-morro-jable.jpeg","_links":{"self":[{"href":"https:\/\/informacionlocal.es\/de\/wp-json\/wp\/v2\/posts\/25152","targetHints":{"allow":["GET"]}}],"collection":[{"href":"https:\/\/informacionlocal.es\/de\/wp-json\/wp\/v2\/posts"}],"about":[{"href":"https:\/\/informacionlocal.es\/de\/wp-json\/wp\/v2\/types\/post"}],"author":[{"embeddable":true,"href":"https:\/\/informacionlocal.es\/de\/wp-json\/wp\/v2\/users\/1"}],"replies":[{"embeddable":true,"href":"https:\/\/informacionlocal.es\/de\/wp-json\/wp\/v2\/comments?post=25152"}],"version-history":[{"count":0,"href":"https:\/\/informacionlocal.es\/de\/wp-json\/wp\/v2\/posts\/25152\/revisions"}],"wp:featuredmedia":[{"embeddable":true,"href":"https:\/\/informacionlocal.es\/de\/wp-json\/wp\/v2\/media\/25154"}],"wp:attachment":[{"href":"https:\/\/informacionlocal.es\/de\/wp-json\/wp\/v2\/media?parent=25152"}],"wp:term":[{"taxonomy":"category","embeddable":true,"href":"https:\/\/informacionlocal.es\/de\/wp-json\/wp\/v2\/categories?post=25152"},{"taxonomy":"post_tag","embeddable":true,"href":"https:\/\/informacionlocal.es\/de\/wp-json\/wp\/v2\/tags?post=25152"}],"curies":[{"name":"wp","href":"https:\/\/api.w.org\/{rel}","templated":true}]}}