{"id":25146,"date":"2026-09-01T15:01:57","date_gmt":"2026-09-01T14:01:57","guid":{"rendered":"https:\/\/informacionlocal.es\/la-oliva-y-el-cabildo-de-fuerteventura-renuevan-su-colaboracion-para-impulsar-la-dinamizacion-comercial-durante-2026\/"},"modified":"2026-09-01T15:01:57","modified_gmt":"2026-09-01T14:01:57","slug":"la-oliva-y-el-cabildo-de-fuerteventura-renuevan-su-colaboracion-para-impulsar-la-dinamizacion-comercial-durante-2026","status":"publish","type":"post","link":"https:\/\/informacionlocal.es\/de\/la-oliva-y-el-cabildo-de-fuerteventura-renuevan-su-colaboracion-para-impulsar-la-dinamizacion-comercial-durante-2026\/","title":{"rendered":"La Oliva y el Cabildo de Fuerteventura renuevan su colaboraci\u00f3n para impulsar la dinamizaci\u00f3n comercial durante 2026"},"content":{"rendered":"<p>El Ayuntamiento de La Oliva y el Cabildo Insular de Fuerteventura renuevan para la anualidad 2026 su convenio de colaboraci\u00f3n en materia de dinamizaci\u00f3n comercial, dando continuidad al trabajo conjunto que ambas administraciones vienen desarrollando para apoyar y fortalecer el tejido comercial del municipio. <\/p>\n<p>El acuerdo se enmarca en la estrategia municipal de promoci\u00f3n del comercio y tiene como objetivo principal fortalecer las zonas comerciales abiertas de La Oliva a trav\u00e9s de actividades y acciones de dinamizaci\u00f3n desarrolladas durante la anualidad 2026, dirigidas a generar mayor afluencia, mejorar su atractivo y favorecer el consumo en los establecimientos del municipio.  <\/p>\n<p>El alcalde de La Oliva, Isa\u00ed Blanco, manifiesta la importancia de seguir renovando un a\u00f1o m\u00e1s el convenio: &#8222;la renovaci\u00f3n de este acuerdo nos permite seguir respaldando al comercio local, generando actividad en las zonas comerciales de La Oliva e impulsando, de este modo, la actividad econ\u00f3mica en nuestro municipio.\u201d <\/p>\n<p>Por su parte, la concejala de Comercio del Ayuntamiento de La Oliva, Alexandra Mart\u00edn, se\u00f1ala: \u201cla subvenci\u00f3n correspondiente a la anualidad 2026 se ha destinado, como es habitual, a la dinamizaci\u00f3n de la Zona Comercial Abierta de Corralejo, reforzando nuestro apoyo al comercio Con la firma de este acuerdo correspondiente a la anualidad 2026, el Ayuntamiento de La Oliva y el Cabildo de Fuerteventura mantienen su apuesta conjunta por la dinamizaci\u00f3n comercial, el fortalecimiento de las zonas comerciales abiertas y el apoyo al tejido comercial del municipio. <\/p>\n<p>Asimismo, la presidenta del Cabildo de Fuerteventura, Lola Garc\u00eda, destaca: \u201cel compromiso del Cabildo con el desarrollo del comercio local como base de la actividad econ\u00f3mica majorera. En este sentido, es importante la cooperaci\u00f3n interadministrativa para llevar este tipo de acciones a los seis municipios de Fuerteventura.\u201d <\/p>\n<p>Por su parte, la consejera insular de Comercio, Lolina Negr\u00edn, explica: \u201c los convenios en materia de comercio ascienden a 63.000 euros este 2026, y se suma a la financiaci\u00f3n que se concede a colectivos y asociaciones de comerciantes de los diferentes municipios, as\u00ed como la campa\u00f1a \u2018Yo Compro en Fuerteventura\u2019 en colaboraci\u00f3n con la Federaci\u00f3n de \u00c1reas Urbanas de Canarias (FAUCA).\u201d<\/p>\n","protected":false},"excerpt":{"rendered":"<p><span>El acuerdo correspondiente a la anualidad 2026 refuerza la colaboraci\u00f3n entre ambas administraciones para apoyar el comercio local y las zonas comerciales abiertas del municipio<\/span><\/p>\n","protected":false},"author":1,"featured_media":25148,"comment_status":"open","ping_status":"open","sticky":false,"template":"","format":"standard","meta":{"inline_featured_image":false,"jnews-multi-image_gallery":[],"jnews_single_post":[],"jnews_primary_category":[],"jnews_social_meta":[],"jnews_override_counter":[],"jnews_post_split":[],"footnotes":""},"categories":[62],"tags":[82,65],"class_list":["post-25146","post","type-post","status-publish","format-standard","has-post-thumbnail","hentry","category-la-oliva","tag-fuerteventura","tag-municipios"],"jetpack_featured_media_url":"https:\/\/informacionlocal.es\/wp-content\/uploads\/2026\/09\/5354_57040bd5.png","_links":{"self":[{"href":"https:\/\/informacionlocal.es\/de\/wp-json\/wp\/v2\/posts\/25146","targetHints":{"allow":["GET"]}}],"collection":[{"href":"https:\/\/informacionlocal.es\/de\/wp-json\/wp\/v2\/posts"}],"about":[{"href":"https:\/\/informacionlocal.es\/de\/wp-json\/wp\/v2\/types\/post"}],"author":[{"embeddable":true,"href":"https:\/\/informacionlocal.es\/de\/wp-json\/wp\/v2\/users\/1"}],"replies":[{"embeddable":true,"href":"https:\/\/informacionlocal.es\/de\/wp-json\/wp\/v2\/comments?post=25146"}],"version-history":[{"count":0,"href":"https:\/\/informacionlocal.es\/de\/wp-json\/wp\/v2\/posts\/25146\/revisions"}],"wp:featuredmedia":[{"embeddable":true,"href":"https:\/\/informacionlocal.es\/de\/wp-json\/wp\/v2\/media\/25148"}],"wp:attachment":[{"href":"https:\/\/informacionlocal.es\/de\/wp-json\/wp\/v2\/media?parent=25146"}],"wp:term":[{"taxonomy":"category","embeddable":true,"href":"https:\/\/informacionlocal.es\/de\/wp-json\/wp\/v2\/categories?post=25146"},{"taxonomy":"post_tag","embeddable":true,"href":"https:\/\/informacionlocal.es\/de\/wp-json\/wp\/v2\/tags?post=25146"}],"curies":[{"name":"wp","href":"https:\/\/api.w.org\/{rel}","templated":true}]}}