{"id":25134,"date":"2026-09-01T11:01:08","date_gmt":"2026-09-01T10:01:08","guid":{"rendered":"https:\/\/informacionlocal.es\/fuerteventura-acoge-techtrendsfv26-para-impulsar-la-integracion-efectiva-de-la-inteligencia-artificial-en-el-tejido-empresarial\/"},"modified":"2026-09-01T11:01:08","modified_gmt":"2026-09-01T10:01:08","slug":"fuerteventura-acoge-techtrendsfv26-para-impulsar-la-integracion-efectiva-de-la-inteligencia-artificial-en-el-tejido-empresarial","status":"publish","type":"post","link":"https:\/\/informacionlocal.es\/de\/fuerteventura-acoge-techtrendsfv26-para-impulsar-la-integracion-efectiva-de-la-inteligencia-artificial-en-el-tejido-empresarial\/","title":{"rendered":"Fuerteventura acoge #TechTrendsFV26 para impulsar la integraci\u00f3n efectiva de la Inteligencia Artificial en el tejido empresarial"},"content":{"rendered":"<div class=\"entry-content\"><strong>1 septiembre, 2026<\/strong><\/p>\n<h2><em>El encuentro se celebrar\u00e1 el pr\u00f3ximo 11 de septiembre de 2026 en el Centro Insular de Juventud de Puerto del Rosario<\/em><\/h2>\n<p>El Cabildo de Fuerteventura, a trav\u00e9s de Nuevas Tecnolog\u00edas y en colaboraci\u00f3n con el Cl\u00faster Canarias Excelencia Tecnol\u00f3gica, presenta la jornada profesional #TechTrendsFV26 | Integraci\u00f3n efectiva de la IA en la empresa, que se celebrar\u00e1 el pr\u00f3ximo 11 de septiembre en el Sal\u00f3n de Actos del Centro Insular de Juventud (Puerto del Rosario), en horario de 09.00 a 14.00 horas.<\/p>\n<p>Tras la excelente acogida registrada en las ediciones previas de Tenerife y Gran Canaria, la iniciativa llega a Fuerteventura para consolidar la Inteligencia Artificial como un eje vertebrador de la competitividad econ\u00f3mica y empresarial en el archipi\u00e9lago. El encuentro forma parte de la estrategia FuerteventurIA: Inteligencia Artificial para todos y propone un enfoque 100 % aplicado, orientado a ofrecer herramientas, casos pr\u00e1cticos y conocimientos directamente utilizables por directivos, pymes y emprendedores desde el primer d\u00eda.<\/p>\n<p>En palabras de Carmen Alonso, consejera de Nuevas Tecnolog\u00edas del Cabildo de Fuerteventura: \u00abLa Inteligencia Artificial ha dejado de ser una promesa de futuro para convertirse en una herramienta de gesti\u00f3n indispensable en el presente. Con #TechTrendsFV26 acercamos a las empresas y profesionales de Fuerteventura soluciones reales, directas y aplicables, alej\u00e1ndonos de planteamientos te\u00f3ricos para centrarnos en aportar valor tangible, optimizar procesos y elevar la competitividad de nuestro tejido productivo local.\u00bb<\/p>\n<p>Durante las 5 horas de desarrollo de la jornada, m\u00e1s de 100 asistentes y una decena de expertos y ponentes abordar\u00e1n el impacto de la IA en los modelos de negocio actuales mediante ponencias \u00e1giles (TechPitches), talleres pr\u00e1cticos (WorkShops), casos de \u00e9xito y din\u00e1micas de networking.<\/p>\n<h3><strong>Financiaci\u00f3n <\/strong><\/h3>\n<p>Esta jornada se ejecuta al amparo del convenio de colaboraci\u00f3n suscrito entre el Cabildo Insular de Fuerteventura y el Cl\u00faster Canarias Excelencia Tecnol\u00f3gica para la dinamizaci\u00f3n, divulgaci\u00f3n y capacitaci\u00f3n en materias de innovaci\u00f3n y transformaci\u00f3n digital. La actuaci\u00f3n est\u00e1 cofinanciada por el Fondo de Desarrollo de Canarias (FDCAN), reforzando el compromiso de las instituciones p\u00fablicas con la diversificaci\u00f3n econ\u00f3mica e insular.<\/p>\n<p>Las plazas son limitadas y la inscripci\u00f3n es de car\u00e1cter gratuito a trav\u00e9s del sitio web oficial: https:\/\/techtrendscanarias.com\/, donde puede consultarse toda la informaci\u00f3n sobre el programa.<\/p>\n<\/div>\n","protected":false},"excerpt":{"rendered":"<p>1 septiembre, 2026 El encuentro se celebrar\u00e1 el pr\u00f3ximo 11 de septiembre de 2026 en el Centro Insular de Juventud de Puerto del Rosario El Cabildo de Fuerteventura, a trav\u00e9s [&hellip;]<\/p>\n","protected":false},"author":1,"featured_media":25136,"comment_status":"open","ping_status":"open","sticky":false,"template":"","format":"standard","meta":{"inline_featured_image":false,"jnews-multi-image_gallery":[],"jnews_single_post":[],"jnews_primary_category":[],"jnews_social_meta":[],"jnews_override_counter":[],"jnews_post_split":[],"footnotes":""},"categories":[58],"tags":[82,72],"class_list":["post-25134","post","type-post","status-publish","format-standard","has-post-thumbnail","hentry","category-cabildo","tag-fuerteventura","tag-integracion"],"jetpack_featured_media_url":"https:\/\/informacionlocal.es\/wp-content\/uploads\/2026\/09\/cluster.jpeg","_links":{"self":[{"href":"https:\/\/informacionlocal.es\/de\/wp-json\/wp\/v2\/posts\/25134","targetHints":{"allow":["GET"]}}],"collection":[{"href":"https:\/\/informacionlocal.es\/de\/wp-json\/wp\/v2\/posts"}],"about":[{"href":"https:\/\/informacionlocal.es\/de\/wp-json\/wp\/v2\/types\/post"}],"author":[{"embeddable":true,"href":"https:\/\/informacionlocal.es\/de\/wp-json\/wp\/v2\/users\/1"}],"replies":[{"embeddable":true,"href":"https:\/\/informacionlocal.es\/de\/wp-json\/wp\/v2\/comments?post=25134"}],"version-history":[{"count":0,"href":"https:\/\/informacionlocal.es\/de\/wp-json\/wp\/v2\/posts\/25134\/revisions"}],"wp:featuredmedia":[{"embeddable":true,"href":"https:\/\/informacionlocal.es\/de\/wp-json\/wp\/v2\/media\/25136"}],"wp:attachment":[{"href":"https:\/\/informacionlocal.es\/de\/wp-json\/wp\/v2\/media?parent=25134"}],"wp:term":[{"taxonomy":"category","embeddable":true,"href":"https:\/\/informacionlocal.es\/de\/wp-json\/wp\/v2\/categories?post=25134"},{"taxonomy":"post_tag","embeddable":true,"href":"https:\/\/informacionlocal.es\/de\/wp-json\/wp\/v2\/tags?post=25134"}],"curies":[{"name":"wp","href":"https:\/\/api.w.org\/{rel}","templated":true}]}}