{"id":25128,"date":"2026-08-31T22:00:59","date_gmt":"2026-08-31T21:00:59","guid":{"rendered":"https:\/\/informacionlocal.es\/gran-tarajal-celebra-30-anos-de-su-open-internacional-de-pesca-de-altura-marcaje-y-suelta\/"},"modified":"2026-08-31T22:00:59","modified_gmt":"2026-08-31T21:00:59","slug":"gran-tarajal-celebra-30-anos-de-su-open-internacional-de-pesca-de-altura-marcaje-y-suelta","status":"publish","type":"post","link":"https:\/\/informacionlocal.es\/de\/gran-tarajal-celebra-30-anos-de-su-open-internacional-de-pesca-de-altura-marcaje-y-suelta\/","title":{"rendered":"Gran Tarajal celebra 30 a\u00f1os de su Open Internacional de Pesca de Altura, Marcaje y Suelta"},"content":{"rendered":"<div class=\"entry-content\"><strong>31 agosto, 2026<\/strong><\/p>\n<h2><em>El evento reunir\u00e1 a m\u00e1s de 50 embarcaciones los d\u00edas 10, 11 y 12 de septiembre y volver\u00e1 a combinar competici\u00f3n, actividad tur\u00edstica y compromiso con el medio marino<\/em><\/h2>\n<p>El puerto de Gran Tarajal acogi\u00f3 este lunes la presentaci\u00f3n de una nueva edici\u00f3n del Open Internacional de Pesca de Altura, Marcaje y Suelta, que este a\u00f1o cumple 30 a\u00f1os de trayectoria.<\/p>\n<p>El Open se celebrar\u00e1 los d\u00edas 10, 11 y 12 de septiembre en el puerto de Gran Tarajal y contar\u00e1 con la participaci\u00f3n de m\u00e1s de 50 embarcaciones. Durante tres jornadas, el evento reunir\u00e1 a tripulaciones, familias y visitantes en torno a una competici\u00f3n que se ha consolidado como una de las grandes citas de la pesca deportiva en Fuerteventura y que contribuye a dinamizar la actividad del municipio y de la Isla.<\/p>\n<p>La vicepresidenta primera del Cabildo de Fuerteventura, Nuria Cabrera, destac\u00f3 que \u201ces un honor acompa\u00f1ar la presentaci\u00f3n de este Open, que alcanza ya 30 a\u00f1os de historia\u201d. Cabrera felicit\u00f3 al Club de Pesca Faro de La Entallada por estas tres d\u00e9cadas de trayectoria y reiter\u00f3 el apoyo del Cabildo a una cita que contribuye a poner en valor Fuerteventura y anim\u00f3 a la ciudadan\u00eda a disfrutar del evento.<\/p>\n<p>Por su parte, el alcalde de Tuineje, David Herrera, puso en valor que alcanzar las 30 ediciones \u201cdemuestra la solidez de un evento que no solo representa deporte, sino tambi\u00e9n tradici\u00f3n, econom\u00eda y turismo\u201d, y agradeci\u00f3 el trabajo del club y el apoyo de las instituciones y empresas que hacen posible la celebraci\u00f3n del Open.<\/p>\n<p>El director general de Pesca del Gobierno de Canarias, Esteban Cipriano, destac\u00f3 la importancia de celebrar este tipo de concursos desde una perspectiva de pesca sostenible, especialmente mediante el marcaje y suelta de los ejemplares, \u201cpara garantizar la conservaci\u00f3n del recurso y el futuro de la actividad pesquera en Canarias\u201d.<\/p>\n<p>En el acto participaron, adem\u00e1s, el consejero insular de Agricultura, Ganader\u00eda y Pesca, Enrique P\u00e9rez, y la consejera de Turismo, Marlene Figueroa, quien destac\u00f3 la dimensi\u00f3n tur\u00edstica del evento, que \u201cno solo genera el disfrute de los residentes, sino tambi\u00e9n de quienes nos visitan, patrones, tripulaciones y familias comprometidos con Fuerteventura\u201d, y subray\u00f3 la importancia de seguir consolidando este tipo de citas \u201ccomo una pata m\u00e1s de todos esos eventos que tenemos a lo largo de todo el a\u00f1o en la Isla\u201d.<\/p>\n<p>Desde el Club de Pesca Faro de La Entallada, Jos\u00e9 Ram\u00f3n Figueroa se\u00f1al\u00f3 que \u201cllegar a los 30 a\u00f1os no es f\u00e1cil y detr\u00e1s de este evento hay muchas personas, patrones, tripulaciones, empresas e instituciones que han mantenido viva esta cita tan importante para el club y para Gran Tarajal\u201d. El club agradeci\u00f3 el apoyo de las administraciones y entidades colaboradoras y anim\u00f3 a la ciudadan\u00eda a acercarse al puerto durante los d\u00edas del Open.<\/p>\n<p>Estuvieron presentes, adem\u00e1s, la concejala de Deportes de Tuineje, Dulce Garc\u00eda, y otros representantes insulares y municipales.<\/p>\n<p>La edici\u00f3n de este a\u00f1o tendr\u00e1 adem\u00e1s un car\u00e1cter especial por la celebraci\u00f3n de las tres d\u00e9cadas de historia del Open. El Club Deportivo Faro La Entallada ha preparado un programa de actividades con motivo de este aniversario, reforzando la dimensi\u00f3n social y de encuentro que caracteriza al evento.<\/p>\n<p>Junto a su vertiente deportiva y tur\u00edstica, el Open mantiene su compromiso con la protecci\u00f3n del medio marino, con acciones vinculadas al cuidado y conservaci\u00f3n del entorno. En este sentido, el car\u00e1cter de marcaje y suelta de la competici\u00f3n forma parte de una filosof\u00eda orientada a compatibilizar la pr\u00e1ctica deportiva con el respeto por el mar.<\/p>\n<p>El evento cuenta con el apoyo del Cabildo de Fuerteventura, Gobierno de Canarias, Patronato de Turismo de Fuerteventura, el Ayuntamiento de Tuineje y Puertos Canarios.<\/p>\n<\/div>\n","protected":false},"excerpt":{"rendered":"<p>31 agosto, 2026 El evento reunir\u00e1 a m\u00e1s de 50 embarcaciones los d\u00edas 10, 11 y 12 de septiembre y volver\u00e1 a combinar competici\u00f3n, actividad tur\u00edstica y compromiso con el [&hellip;]<\/p>\n","protected":false},"author":1,"featured_media":25130,"comment_status":"open","ping_status":"open","sticky":false,"template":"","format":"standard","meta":{"inline_featured_image":false,"jnews-multi-image_gallery":[],"jnews_single_post":[],"jnews_primary_category":[],"jnews_social_meta":[],"jnews_override_counter":[],"jnews_post_split":[],"footnotes":""},"categories":[58],"tags":[69,82],"class_list":["post-25128","post","type-post","status-publish","format-standard","has-post-thumbnail","hentry","category-cabildo","tag-eventos","tag-fuerteventura"],"jetpack_featured_media_url":"https:\/\/informacionlocal.es\/wp-content\/uploads\/2026\/08\/open-de-pesca-de-gran-tarajal.jpg","_links":{"self":[{"href":"https:\/\/informacionlocal.es\/de\/wp-json\/wp\/v2\/posts\/25128","targetHints":{"allow":["GET"]}}],"collection":[{"href":"https:\/\/informacionlocal.es\/de\/wp-json\/wp\/v2\/posts"}],"about":[{"href":"https:\/\/informacionlocal.es\/de\/wp-json\/wp\/v2\/types\/post"}],"author":[{"embeddable":true,"href":"https:\/\/informacionlocal.es\/de\/wp-json\/wp\/v2\/users\/1"}],"replies":[{"embeddable":true,"href":"https:\/\/informacionlocal.es\/de\/wp-json\/wp\/v2\/comments?post=25128"}],"version-history":[{"count":0,"href":"https:\/\/informacionlocal.es\/de\/wp-json\/wp\/v2\/posts\/25128\/revisions"}],"wp:featuredmedia":[{"embeddable":true,"href":"https:\/\/informacionlocal.es\/de\/wp-json\/wp\/v2\/media\/25130"}],"wp:attachment":[{"href":"https:\/\/informacionlocal.es\/de\/wp-json\/wp\/v2\/media?parent=25128"}],"wp:term":[{"taxonomy":"category","embeddable":true,"href":"https:\/\/informacionlocal.es\/de\/wp-json\/wp\/v2\/categories?post=25128"},{"taxonomy":"post_tag","embeddable":true,"href":"https:\/\/informacionlocal.es\/de\/wp-json\/wp\/v2\/tags?post=25128"}],"curies":[{"name":"wp","href":"https:\/\/api.w.org\/{rel}","templated":true}]}}