{"id":2488,"date":"2025-04-24T13:20:19","date_gmt":"2025-04-24T13:20:19","guid":{"rendered":"https:\/\/informacionlocal.es\/das-rathaus-von-pajara-nimmt-die-ehrgeizigsten-arbeiten-der-letzten-25-jahre-in-morro-jable-in-angriff\/"},"modified":"2025-04-24T13:20:19","modified_gmt":"2025-04-24T13:20:19","slug":"das-rathaus-von-pajara-nimmt-die-ehrgeizigsten-arbeiten-der-letzten-25-jahre-in-morro-jable-in-angriff","status":"publish","type":"post","link":"https:\/\/informacionlocal.es\/de\/das-rathaus-von-pajara-nimmt-die-ehrgeizigsten-arbeiten-der-letzten-25-jahre-in-morro-jable-in-angriff\/","title":{"rendered":"Das Rathaus von P\u00e1jara nimmt die ehrgeizigsten Arbeiten der letzten 25 Jahre in Morro Jable in Angriff"},"content":{"rendered":"<div class=\"entry-content\">\n<p><b><i>Das Plenum genehmigt ein historisches Projekt im Wert von mehr als 15 Millionen Euro f\u00fcr die vollst\u00e4ndige Umgestaltung des Tagoror-Platzes und des Los Ganaderos-Platzes.  <\/i><\/b><\/p>\n<p><b><i>  Das Projekt umfasst ein integriertes Gemeindezentrum mit einem Auditorium f\u00fcr 400 Personen, 196 Tiefgaragen und neue Gr\u00fcn- und Fu\u00dfg\u00e4ngerzonen.<\/i><\/b><\/p>\n<p><span>Das Rathaus von P\u00e1jara hat mit der Genehmigung des Dossiers f\u00fcr die gr\u00f6\u00dfte st\u00e4dtische Umgestaltung von Morro Jable in den letzten 25 Jahren einen historischen Schritt f\u00fcr die Gemeinde getan. Das Plenum genehmigte die Ausschreibung f\u00fcr die umfassende Umgestaltung des Tagoror-Platzes und der Plaza de los Ganaderos, ein strategisches Projekt, das diesen Platz in eine Referenz f\u00fcr Zug\u00e4nglichkeit, Nachhaltigkeit und Kultur verwandeln wird, mit einem Grundbudget von mehr als 15 Millionen Euro und einer gesch\u00e4tzten Bauzeit von 26 Monaten. Am Ende der Plenarsitzung dr\u00fcckten der B\u00fcrgermeister von P\u00e1jara, Alejandro Jorge, und der erste stellvertretende B\u00fcrgermeister und Stadtrat f\u00fcr Bauwesen, Alexis Alonso, ihre Zufriedenheit \u00fcber die Verwirklichung dieses gro\u00dfen Ziels aus.  <\/span><\/p>\n<p><span>Der erste stellvertretende B\u00fcrgermeister und Stadtrat f\u00fcr Bauwesen, Alexis Alonso, unterstreicht die Bedeutung dieses Projekts f\u00fcr die Zukunft der Stadt. &#8222;Wir sprechen von einem Eingriff, der von der Neugestaltung der Pl\u00e4tze und Stra\u00dfen bis hin zur Schaffung einer st\u00e4dtischen Gr\u00fcnfl\u00e4che reicht, die den gesamten zentralen Kern von Morro Jable verbindet&#8220;, sagt er und f\u00fcgt hinzu, dass dies ein strategischer Punkt zur F\u00f6rderung des Zusammenlebens der B\u00fcrger werden wird.   <\/span><\/p>\n<p><span>Dar\u00fcber hinaus unterstreicht der stellvertretende B\u00fcrgermeister, dass &#8222;ein integriertes Stiftungszentrum eingerichtet wird, das zu einem Bezugspunkt f\u00fcr kulturelle Aktivit\u00e4ten wird, mit einer Bibliothek, einer Versammlungshalle f\u00fcr 400 Personen, multifunktionalen R\u00e4umen f\u00fcr die Ausbildung, einer Cafeteria, einem Kiosk mit Terrasse, und gleichzeitig wird eine Tiefgarage mit 196 Stellpl\u00e4tzen geschaffen&#8220;.  <\/span><\/p>\n<p><span>Der B\u00fcrgermeister von P\u00e1jara, Alejandro Jorge, versichert, dass dieses Projekt ein klares Bekenntnis zu einer moderneren Stadt mit hochwertigen \u00f6ffentlichen Dienstleistungen und angemessenen R\u00e4umen f\u00fcr die B\u00fcrger darstellt. &#8222;Es handelt sich nicht nur um ein Werk, sondern um eine Umgestaltung, die sich direkt auf das Leben unserer Nachbarn auswirken wird. Diese Initiative beweist das Engagement des Stadtrats f\u00fcr die Schaffung neuer \u00f6ffentlicher R\u00e4ume&#8220;, sagte er.   <\/span><\/p>\n<p><span>&#8222;Wir sprechen seit vielen Jahren \u00fcber dieses Projekt, und mit dem heute in der Plenarsitzung beschlossenen Schritt wird es ausgeschrieben werden. Indem wir kontinuierlich arbeiten, werden wir bei der Verbesserung der einzelnen Ortschaften weiter vorankommen&#8220;, so der B\u00fcrgermeister.  <\/span><\/p>\n<p><span>Das Projekt stellt nicht nur ein Engagement f\u00fcr die Modernisierung der Stadt dar, sondern entspricht auch den Bed\u00fcrfnissen der Bev\u00f6lkerung, die bisher nicht \u00fcber angemessene Infrastrukturen f\u00fcr Studium, Ausbildung oder kulturelle, musikalische und gesellschaftliche Veranstaltungen verf\u00fcgte. Dar\u00fcber hinaus wird der Bau des neuen Parkplatzes die Mobilit\u00e4t und den Zugang zum Stadtzentrum erheblich verbessern und damit das t\u00e4gliche Leben der Bewohner und Besucher des Gebiets erleichtern.   <\/span><\/p>\n<p><span>Dieses wichtige Projekt wird vom Kanarischen Entwicklungsfonds (FDCAN) und dem Inselrat von Fuerteventura in Zusammenarbeit mit dem Stadtrat von P\u00e1jara finanziert. Die Gemeindeverwaltung w\u00fcrdigt die Beteiligung der Inselverwaltung an diesem Projekt und unterstreicht damit die Bedeutung der Zusammenarbeit zwischen den Verwaltungen, um ein Projekt dieser Gr\u00f6\u00dfenordnung zu verwirklichen.   <\/span><\/p>\n<p><span>Mit dieser Ma\u00dfnahme f\u00f6rdert das Rathaus nicht nur die gr\u00f6\u00dfte \u00f6ffentliche Investition der letzten Jahrzehnte in Morro Jable, sondern legt auch den Grundstein f\u00fcr ein integratives, nachhaltiges und b\u00fcrgernahes Stadtentwicklungsmodell. Diese Umgestaltung wird einen Meilenstein in der Geschichte der Gemeinde darstellen. <\/span><\/p>\n<div>Teilen Sie<\/div>\n<\/div>\n","protected":false},"excerpt":{"rendered":"<p><i>Das Plenum genehmigt ein historisches Projekt im Wert von mehr als 15 Millionen Euro f\u00fcr die vollst\u00e4ndige Umgestaltung des Tagoror-Platzes und des Los Ganaderos-Platzes.  <\/i><\/p>\n","protected":false},"author":1,"featured_media":2484,"comment_status":"open","ping_status":"open","sticky":false,"template":"","format":"standard","meta":{"inline_featured_image":false,"jnews-multi-image_gallery":[],"jnews_single_post":[],"jnews_primary_category":[],"jnews_social_meta":[],"jnews_override_counter":[],"jnews_post_split":[],"footnotes":""},"categories":[297],"tags":[216,197],"class_list":["post-2488","post","type-post","status-publish","format-standard","has-post-thumbnail","hentry","category-pajara-de","tag-fuerteventura-de","tag-offentliche-dienste"],"jetpack_featured_media_url":"https:\/\/informacionlocal.es\/wp-content\/uploads\/2025\/04\/parquetagororyganaderos-e1745496913430.png","_links":{"self":[{"href":"https:\/\/informacionlocal.es\/de\/wp-json\/wp\/v2\/posts\/2488","targetHints":{"allow":["GET"]}}],"collection":[{"href":"https:\/\/informacionlocal.es\/de\/wp-json\/wp\/v2\/posts"}],"about":[{"href":"https:\/\/informacionlocal.es\/de\/wp-json\/wp\/v2\/types\/post"}],"author":[{"embeddable":true,"href":"https:\/\/informacionlocal.es\/de\/wp-json\/wp\/v2\/users\/1"}],"replies":[{"embeddable":true,"href":"https:\/\/informacionlocal.es\/de\/wp-json\/wp\/v2\/comments?post=2488"}],"version-history":[{"count":0,"href":"https:\/\/informacionlocal.es\/de\/wp-json\/wp\/v2\/posts\/2488\/revisions"}],"wp:featuredmedia":[{"embeddable":true,"href":"https:\/\/informacionlocal.es\/de\/wp-json\/wp\/v2\/media\/2484"}],"wp:attachment":[{"href":"https:\/\/informacionlocal.es\/de\/wp-json\/wp\/v2\/media?parent=2488"}],"wp:term":[{"taxonomy":"category","embeddable":true,"href":"https:\/\/informacionlocal.es\/de\/wp-json\/wp\/v2\/categories?post=2488"},{"taxonomy":"post_tag","embeddable":true,"href":"https:\/\/informacionlocal.es\/de\/wp-json\/wp\/v2\/tags?post=2488"}],"curies":[{"name":"wp","href":"https:\/\/api.w.org\/{rel}","templated":true}]}}