{"id":2464,"date":"2025-04-23T23:01:03","date_gmt":"2025-04-23T23:01:03","guid":{"rendered":"https:\/\/informacionlocal.es\/puerto-del-rosario-foerdert-die-wiederherstellung-des-wassertanks-von-la-charca-als-neuen-kultur-und-ausstellungsraum\/"},"modified":"2025-04-23T23:01:03","modified_gmt":"2025-04-23T23:01:03","slug":"puerto-del-rosario-foerdert-die-wiederherstellung-des-wassertanks-von-la-charca-als-neuen-kultur-und-ausstellungsraum","status":"publish","type":"post","link":"https:\/\/informacionlocal.es\/de\/puerto-del-rosario-foerdert-die-wiederherstellung-des-wassertanks-von-la-charca-als-neuen-kultur-und-ausstellungsraum\/","title":{"rendered":"Puerto del Rosario f\u00f6rdert die Wiederherstellung des Wassertanks von La Charca als neuen Kultur- und Ausstellungsraum."},"content":{"rendered":"<div class=\"entry-content\">\n<p>Die Stadtverwaltung von Puerto del Rosario hat \u00fcber ihre Kulturabteilung einen neuen Schritt zur Wiederherstellung eines der emblematischsten Elemente des kulturellen Erbes der Gemeinde unternommen: den alten Wassertank von La Charca.<\/p>\n<p>Der Stadtrat Juan Manuel Verdugo besichtigte den Raum am Mittwochmorgen, den 23. April, zusammen mit der Architektin Nuria Vallesp\u00edn, die das Projekt entworfen hat, an einem Tag, der ganz im Zeichen des Engagements f\u00fcr die Umwandlung dieser historischen Enklave in einen neuen kulturellen Raum f\u00fcr die B\u00fcrger stand.<\/p>\n<p>Der in der republikanischen Zeit errichtete Stausee La Charca zeichnet sich durch seine imposante Basaltstruktur mit einer Grundfl\u00e4che von 2.000 Quadratmetern aus, die in zwei unabh\u00e4ngige Becken mit anderthalb Meter dicken W\u00e4nden und insgesamt 56 Pfeilern unterteilt ist. Diese Infrastruktur, die vor zwei Jahren von der Hafenbeh\u00f6rde an die Gemeinde abgetreten wurde, symbolisiert eine wichtige Epoche in der Geschichte Fuerteventuras, in der der Zugang zum Wasser die Entwicklung der Insel entscheidend gepr\u00e4gt hat. <\/p>\n<p>Nach den Worten des <strong>B\u00fcrgermeisters David de Vera<\/strong>&#8222;ist diese Infrastruktur eine gute Gelegenheit, um die \u00f6ffentlichen R\u00e4ume zu erweitern, die, sobald sie aktiviert sind, verschiedene Aktivit\u00e4ten unterschiedlicher Art beherbergen k\u00f6nnen. Soziale und kulturelle Treffpunkte f\u00fcr die zahlreichen Aktivit\u00e4ten, die von der Stadtverwaltung oder verschiedenen Vereinen und Gruppen organisiert werden&#8220;.<\/p>\n<p>&#8222;Wir haben es hier mit einer beeindruckenden Infrastruktur zu tun, die seit Jahren nicht mehr genutzt wurde und die wir heute wieder aufwerten&#8220;, sagte der <strong>Stadtrat f\u00fcr Kultur, Juan Manuel Verdugo<\/strong>. &#8222;Dieses Projekt ist nicht nur ein Bekenntnis zur Kultur und zum kulturellen Erbe, sondern auch eine Reflexion dar\u00fcber, wie Fuerteventura in der Vergangenheit mit der Wasserknappheit gek\u00e4mpft hat. Wir m\u00f6chten diesen Raum in ein Mehrzweck-Kulturzentrum verwandeln, in dem Ausstellungen, Vorf\u00fchrungen und Aktivit\u00e4ten stattfinden, die unsere B\u00fcrger mit ihrem historischen Ged\u00e4chtnis verbinden&#8220;.<\/p>\n<p>Die Architektin Nuria Vallesp\u00edn unterstrich ihrerseits die Einzigartigkeit des Ortes: &#8222;Es ist ein spektakul\u00e4rer Ort wegen seiner architektonischen Leere, die es uns erm\u00f6glichen wird, Puerto del Rosario und der ganzen Insel ein Ausstellungszentrum zu bieten, das nachstellt, wie das Wasser in den 1930er Jahren gesammelt und verteilt wurde. Es ist auch eine Gelegenheit, die \u00f6ffentliche Debatte dar\u00fcber zu er\u00f6ffnen, welche kulturelle Nutzung wir f\u00fcr dieses neue Wassermuseum w\u00fcnschen&#8220;.<\/p>\n<p>Das Projekt umfasst die Ausarbeitung des Grund- und Ausf\u00fchrungsplans sowie die Entwicklung der Elektro-, Sanit\u00e4r-, Klima-, Beleuchtungs- und Abdichtungsinstallationen in \u00dcbereinstimmung mit der technischen Bauordnung. Mit einem anf\u00e4nglichen Budget von 12.840 Euro, das aus kommunalen Mitteln finanziert wird, wird angestrebt, sich f\u00fcr zuk\u00fcnftige europ\u00e4ische Investitionen zu entscheiden, um die Sanierungsarbeiten durchf\u00fchren zu k\u00f6nnen. Das Kulturamt setzt sich daf\u00fcr ein, dass diese neue Einrichtung zu einem kulturellen Bezugspunkt in der Hauptstadt Mallorcas wird und gleichzeitig den Wert der Industriearchitektur als wesentlichen Teil des kommunalen Erbes hervorhebt.  <\/p>\n<p>Dieses Projekt unterstreicht das Engagement des Rathauses von Puerto del Rosario f\u00fcr die Aufwertung des historischen Erbes und seine aktive Integration in das kulturelle Leben der Inselhauptstadt.<\/p>\n<\/div>\n","protected":false},"excerpt":{"rendered":"<p>Die Stadtverwaltung von Puerto del Rosario hat \u00fcber ihre Kulturabteilung einen neuen Schritt zur Wiederherstellung eines der emblematischsten Elemente des kulturellen Erbes der Gemeinde unternommen: den alten Wassertank von La [&hellip;]<\/p>\n","protected":false},"author":1,"featured_media":2460,"comment_status":"open","ping_status":"open","sticky":false,"template":"","format":"standard","meta":{"inline_featured_image":false,"jnews-multi-image_gallery":[],"jnews_single_post":[],"jnews_primary_category":[],"jnews_social_meta":[],"jnews_override_counter":[],"jnews_post_split":[],"footnotes":""},"categories":[293],"tags":[216,213],"class_list":["post-2464","post","type-post","status-publish","format-standard","has-post-thumbnail","hentry","category-puerto-del-rosario-de","tag-fuerteventura-de","tag-integration-de"],"jetpack_featured_media_url":"https:\/\/informacionlocal.es\/wp-content\/uploads\/2025\/04\/deposito-33-charca-interior-2.jpg","_links":{"self":[{"href":"https:\/\/informacionlocal.es\/de\/wp-json\/wp\/v2\/posts\/2464","targetHints":{"allow":["GET"]}}],"collection":[{"href":"https:\/\/informacionlocal.es\/de\/wp-json\/wp\/v2\/posts"}],"about":[{"href":"https:\/\/informacionlocal.es\/de\/wp-json\/wp\/v2\/types\/post"}],"author":[{"embeddable":true,"href":"https:\/\/informacionlocal.es\/de\/wp-json\/wp\/v2\/users\/1"}],"replies":[{"embeddable":true,"href":"https:\/\/informacionlocal.es\/de\/wp-json\/wp\/v2\/comments?post=2464"}],"version-history":[{"count":0,"href":"https:\/\/informacionlocal.es\/de\/wp-json\/wp\/v2\/posts\/2464\/revisions"}],"wp:featuredmedia":[{"embeddable":true,"href":"https:\/\/informacionlocal.es\/de\/wp-json\/wp\/v2\/media\/2460"}],"wp:attachment":[{"href":"https:\/\/informacionlocal.es\/de\/wp-json\/wp\/v2\/media?parent=2464"}],"wp:term":[{"taxonomy":"category","embeddable":true,"href":"https:\/\/informacionlocal.es\/de\/wp-json\/wp\/v2\/categories?post=2464"},{"taxonomy":"post_tag","embeddable":true,"href":"https:\/\/informacionlocal.es\/de\/wp-json\/wp\/v2\/tags?post=2464"}],"curies":[{"name":"wp","href":"https:\/\/api.w.org\/{rel}","templated":true}]}}