{"id":2451,"date":"2025-04-23T22:59:21","date_gmt":"2025-04-23T22:59:21","guid":{"rendered":"https:\/\/informacionlocal.es\/abschluss-des-programms-bildung-als-familie-2025-in-puerto-del-rosario\/"},"modified":"2025-04-23T22:59:21","modified_gmt":"2025-04-23T22:59:21","slug":"abschluss-des-programms-bildung-als-familie-2025-in-puerto-del-rosario","status":"publish","type":"post","link":"https:\/\/informacionlocal.es\/de\/abschluss-des-programms-bildung-als-familie-2025-in-puerto-del-rosario\/","title":{"rendered":"Abschluss des Programms &#8222;Bildung als Familie 2025&#8220; in Puerto del Rosario"},"content":{"rendered":"<div class=\"entry-content\">\n<p>Am Dienstagnachmittag, dem 22. April, wurde das Programm &#8222;Bildung als Familie 2025&#8220; beendet, das von der Generaldirektion f\u00fcr Bildungsorganisation, Integration und Innovation des Ministeriums f\u00fcr Bildung, Berufsausbildung, Sport und Bewegung der Kanarischen Regierung in Zusammenarbeit mit der Stadtverwaltung von Puerto del Rosario organisiert wurde.<\/p>\n<p>Ein Schulungsprogramm f\u00fcr Familien und Lehrer zur Vertiefung und Reflexion des Umgangs mit Emotionen, Selbstwertgef\u00fchl, Selbstf\u00fcrsorge, Kommunikation und Konfliktl\u00f6sung.<\/p>\n<p>Ziel dieser Initiative war es, den Familien Strategien und Techniken aus einem integrativen Ansatz zu vermitteln, um die emotionale Bindung, das Vertrauen und die F\u00e4higkeiten zur konstruktiven Konfliktl\u00f6sung und -bew\u00e4ltigung zu st\u00e4rken.<\/p>\n<p>Das Programm endete mit insgesamt vier Workshops, die im April in der Aula des Centro Insular de Juventud in Puerto del Rosario stattfanden, wo eine Spielzeugbibliothek angeboten wurde.<\/p>\n<p>Die Themen der Workshops am letzten Tag waren:<\/p>\n<ul>\n<li>PRAKTIKEN ZUM AUFBAU VON SELBSTWERTGEF\u00dcHL UND SELBSTF\u00dcRSORGE<\/li>\n<\/ul>\n<p>(16:00 bis 18:00 Uhr.)<\/p>\n<ul>\n<li>PRAKTIKEN ZUR VERBESSERUNG DER KOMMUNIKATION UND KONFLIKTL\u00d6SUNG<\/li>\n<\/ul>\n<p>(18:30 bis 20:30 Uhr.)<\/p>\n<p>Die Workshops wurden von der Referentin Cristina Berm\u00fadez Arbelo, Psychologin, Schauspielerin und Mutter, gehalten. Sch\u00f6pferin und Leiterin des k\u00fcnstlerischen und p\u00e4dagogischen Projekts Super Abuela, das sich auf die Entwicklung von emotionaler Intelligenz, Kreativit\u00e4t und gesunden Gewohnheiten im famili\u00e4ren und schulischen Umfeld konzentriert. <\/p>\n<p>Der <strong>B\u00fcrgermeister, David de Vera,<\/strong> erkl\u00e4rte <strong>&#8222;die Bedeutung dieser Art von Aktion, die frei und offen f\u00fcr die Teilnahme ist, f\u00fcr das Erlernen und die Entwicklung bestimmter F\u00e4higkeiten in den Bereichen Kommunikation, Konfliktl\u00f6sung, Selbstf\u00fcrsorge oder Selbstwertgef\u00fchl, die gesellschaftlich gefragt sind&#8220;.<\/strong><\/p>\n<p>Die Abteilung f\u00fcr Gemeinschaftspr\u00e4vention des Sozialministeriums dankt der Abteilung f\u00fcr lokale Entwicklung und Besch\u00e4ftigung und der Abteilung f\u00fcr Bildung des Inselrats und vor allem allen Teilnehmern, die an der Schaffung einer funktionierenden und friedlichen Gesellschaft interessiert sind, und zwar auf der Grundlage von Verst\u00e4ndnis, Zusammenarbeit und Zusammenhalt &#8211; Konzepte, die das soziale Wohlergehen f\u00f6rdern und die Gemeinschaft st\u00e4rken.<\/p>\n<\/p>\n<\/div>\n","protected":false},"excerpt":{"rendered":"<p>Am Dienstagnachmittag, dem 22. April, wurde das Programm &#8222;Bildung als Familie 2025&#8220; beendet, das von der Generaldirektion f\u00fcr Bildungsorganisation, Integration und Innovation des Ministeriums f\u00fcr Bildung, Berufsausbildung, Sport und Bewegung [&hellip;]<\/p>\n","protected":false},"author":1,"featured_media":2448,"comment_status":"open","ping_status":"open","sticky":false,"template":"","format":"standard","meta":{"inline_featured_image":false,"jnews-multi-image_gallery":[],"jnews_single_post":[],"jnews_primary_category":[],"jnews_social_meta":[],"jnews_override_counter":[],"jnews_post_split":[],"footnotes":""},"categories":[293],"tags":[306],"class_list":["post-2451","post","type-post","status-publish","format-standard","has-post-thumbnail","hentry","category-puerto-del-rosario-de","tag-educacion-de"],"jetpack_featured_media_url":"https:\/\/informacionlocal.es\/wp-content\/uploads\/2025\/04\/educar-familia-titu-clausura-publico.jpg","_links":{"self":[{"href":"https:\/\/informacionlocal.es\/de\/wp-json\/wp\/v2\/posts\/2451","targetHints":{"allow":["GET"]}}],"collection":[{"href":"https:\/\/informacionlocal.es\/de\/wp-json\/wp\/v2\/posts"}],"about":[{"href":"https:\/\/informacionlocal.es\/de\/wp-json\/wp\/v2\/types\/post"}],"author":[{"embeddable":true,"href":"https:\/\/informacionlocal.es\/de\/wp-json\/wp\/v2\/users\/1"}],"replies":[{"embeddable":true,"href":"https:\/\/informacionlocal.es\/de\/wp-json\/wp\/v2\/comments?post=2451"}],"version-history":[{"count":0,"href":"https:\/\/informacionlocal.es\/de\/wp-json\/wp\/v2\/posts\/2451\/revisions"}],"wp:featuredmedia":[{"embeddable":true,"href":"https:\/\/informacionlocal.es\/de\/wp-json\/wp\/v2\/media\/2448"}],"wp:attachment":[{"href":"https:\/\/informacionlocal.es\/de\/wp-json\/wp\/v2\/media?parent=2451"}],"wp:term":[{"taxonomy":"category","embeddable":true,"href":"https:\/\/informacionlocal.es\/de\/wp-json\/wp\/v2\/categories?post=2451"},{"taxonomy":"post_tag","embeddable":true,"href":"https:\/\/informacionlocal.es\/de\/wp-json\/wp\/v2\/tags?post=2451"}],"curies":[{"name":"wp","href":"https:\/\/api.w.org\/{rel}","templated":true}]}}