{"id":2439,"date":"2025-04-23T11:16:11","date_gmt":"2025-04-23T11:16:11","guid":{"rendered":"https:\/\/informacionlocal.es\/los-gofiones-bestaetigen-ihre-praesenz-in-antigua-auf-der-36-island-handicrafts-fair\/"},"modified":"2025-04-23T11:16:11","modified_gmt":"2025-04-23T11:16:11","slug":"los-gofiones-bestaetigen-ihre-praesenz-in-antigua-auf-der-36-island-handicrafts-fair","status":"publish","type":"post","link":"https:\/\/informacionlocal.es\/de\/los-gofiones-bestaetigen-ihre-praesenz-in-antigua-auf-der-36-island-handicrafts-fair\/","title":{"rendered":"Los Gofiones best\u00e4tigen ihre Pr\u00e4senz in Antigua auf der 36. Island Handicrafts Fair"},"content":{"rendered":"<div class=\"elementor-widget-container\">\n<p><strong>Los Gofiones best\u00e4tigen ihre Pr\u00e4senz in Antigua auf der 36. Island Handicrafts Fair<\/strong><\/p>\n<p><strong>&#8211; Los Gofiones feiern Kunsthandwerk, Tradition und Muttertag in einem Konzert auf der Feria Insular de Artesan\u00eda in Antigua am Sonntag, den 4. Mai.  <\/strong><br \/><strong>&#8211; Die Er\u00f6ffnung der XXXVI Feria Insular de Artesan\u00eda Fuerteventura 2025 findet am Donnerstag, den 1. Mai um 18:00 Uhr auf der Plaza de Antigua statt.<\/strong><\/p>\n<p>Die 36. Kunsthandwerksmesse der Insel, die von Donnerstag, dem 1. bis Sonntag, dem 4. Mai, stattfindet, enth\u00fcllt nach und nach die \u00dcberraschungen und herausragenden Leistungen eines vollen, attraktiven und familienfreundlichen Programms, das die fast 200 Kunsthandwerker, die an dieser Veranstaltung mit eher regionalem als insularem Charakter teilnehmen, begleiten und sicher auch nutzen wird, so der B\u00fcrgermeister von Antigua, Mat\u00edas Pe\u00f1a.<\/p>\n<p>W\u00e4hrend wir noch in Gespr\u00e4chen waren, gab es so viel Aufregung und Wunsch auf beiden Seiten, dass wir den Termin ank\u00fcndigten, bevor wir ihn schlossen, f\u00fcgt der Stadtrat f\u00fcr Kultur, Jonathan Pe\u00f1a, hinzu, aber jetzt ist es Realit\u00e4t und dies best\u00e4tigt, Los Gofiones, nehmen an der Feria Insular de Artesan\u00eda mit einem Konzert mit popul\u00e4rer kanarischer Musik als Hommage an die Tradition, an das Kunsthandwerk, auch in bester Weise feiern den Muttertag am Sonntag, 4. Mai.<\/p>\n<p>Die bekannte kanarische Volksmusikgruppe, die auf eine 57-j\u00e4hrige Geschichte zur\u00fcckblicken kann und rund f\u00fcnfzig Mitglieder hat, wird uns am kommenden Wochenende bei den Feierlichkeiten zur Kunsthandwerksmesse der Insel Fuerteventura 2025 begleiten, so der Stadtrat f\u00fcr Kultur von Antigua, Jonathan Pe\u00f1a.<\/p>\n<\/p>\n<\/div>\n","protected":false},"excerpt":{"rendered":"<p><strong>Los Gofiones best\u00e4tigen ihre Pr\u00e4senz in Antigua auf der 36. Island Handicrafts Fair<\/strong><\/p>\n","protected":false},"author":1,"featured_media":2436,"comment_status":"open","ping_status":"open","sticky":false,"template":"","format":"standard","meta":{"inline_featured_image":false,"jnews-multi-image_gallery":[],"jnews_single_post":[],"jnews_primary_category":[],"jnews_social_meta":[],"jnews_override_counter":[],"jnews_post_split":[],"footnotes":""},"categories":[283],"tags":[216],"class_list":["post-2439","post","type-post","status-publish","format-standard","has-post-thumbnail","hentry","category-antigua-de","tag-fuerteventura-de"],"jetpack_featured_media_url":"https:\/\/informacionlocal.es\/wp-content\/uploads\/2025\/04\/cartel-fia-2025-scaled-1.jpg","_links":{"self":[{"href":"https:\/\/informacionlocal.es\/de\/wp-json\/wp\/v2\/posts\/2439","targetHints":{"allow":["GET"]}}],"collection":[{"href":"https:\/\/informacionlocal.es\/de\/wp-json\/wp\/v2\/posts"}],"about":[{"href":"https:\/\/informacionlocal.es\/de\/wp-json\/wp\/v2\/types\/post"}],"author":[{"embeddable":true,"href":"https:\/\/informacionlocal.es\/de\/wp-json\/wp\/v2\/users\/1"}],"replies":[{"embeddable":true,"href":"https:\/\/informacionlocal.es\/de\/wp-json\/wp\/v2\/comments?post=2439"}],"version-history":[{"count":0,"href":"https:\/\/informacionlocal.es\/de\/wp-json\/wp\/v2\/posts\/2439\/revisions"}],"wp:featuredmedia":[{"embeddable":true,"href":"https:\/\/informacionlocal.es\/de\/wp-json\/wp\/v2\/media\/2436"}],"wp:attachment":[{"href":"https:\/\/informacionlocal.es\/de\/wp-json\/wp\/v2\/media?parent=2439"}],"wp:term":[{"taxonomy":"category","embeddable":true,"href":"https:\/\/informacionlocal.es\/de\/wp-json\/wp\/v2\/categories?post=2439"},{"taxonomy":"post_tag","embeddable":true,"href":"https:\/\/informacionlocal.es\/de\/wp-json\/wp\/v2\/tags?post=2439"}],"curies":[{"name":"wp","href":"https:\/\/api.w.org\/{rel}","templated":true}]}}