{"id":2430,"date":"2025-04-23T10:17:05","date_gmt":"2025-04-23T10:17:05","guid":{"rendered":"https:\/\/informacionlocal.es\/reit-und-flamencotanzshow-diesen-freitag-in-caleta-de-fuste\/"},"modified":"2025-04-23T10:17:05","modified_gmt":"2025-04-23T10:17:05","slug":"reit-und-flamencotanzshow-diesen-freitag-in-caleta-de-fuste","status":"publish","type":"post","link":"https:\/\/informacionlocal.es\/de\/reit-und-flamencotanzshow-diesen-freitag-in-caleta-de-fuste\/","title":{"rendered":"Reit- und Flamencotanzshow diesen Freitag in Caleta de Fuste"},"content":{"rendered":"<div class=\"elementor-widget-container\">\n<p><strong>Reit- und Flamencotanzshow diesen Freitag in Caleta de Fuste<\/strong><\/p>\n<p><strong>&#8211; Von 17:30 bis 23:00 Uhr findet auf der Plaza de El Castillo eine Reitershow mit sechs teilnehmenden Pferdest\u00e4llen, Gesangsgruppen und zwei Flamenco-Tanzschulen statt.<\/strong><\/p>\n<p>Das Fremdenverkehrsamt der Stadt Antigua organisiert am Freitag, den 25. April, von 17.30 bis 23.00 Uhr eine kostenlose Reit- und Flamenco-Show auf der Plaza del Castillo.<\/p>\n<p>Es ist nicht das erste Mal, dass wir diese Messe in Caleta de Fuste veranstalten, sagt die Stadtr\u00e4tin f\u00fcr Tourismus, Kristina Rodewig, und angesichts der gro\u00dfartigen Resonanz in Bezug auf die Besucherzahl und die Eindr\u00fccke bieten wir sie erneut an, indem wir die Plaza del Castillo f\u00fcr diesen Anlass herausputzen.<\/p>\n<p>Eine Show, so der Stadtrat, die mit einer Parade mit Pferden und Ponys beginnt, an der sechs verschiedene und herausragende St\u00e4lle teilnehmen, wie Crines del Viento, El Aceitunal, El Alberc\u00f3n, Victoria, Calesa de ponis und M\u00e1rquez Aguiar.<\/p>\n<p>Auf dem f\u00fcr diesen Anlass geschm\u00fcckten Platz findet eine Reit- und Flamenco-Tanzshow statt, bei der Sie die Eleganz der Pferde und ihrer Reiter genie\u00dfen k\u00f6nnen, die von der T\u00e4nzerin Ana Villacampa und ihrer Schule sowie der Schule der f\u00fcnf Sinne begleitet werden.<\/p>\n<p>Au\u00dferdem gibt es Flamenco-Gesang mit der Gruppe Con arte, mit der Stimme von Eva Aroca, und den Tanz von Zaida Mart\u00ednez, f\u00fcgt Rodewig hinzu, auf einem Platz, der auch f\u00fcr die Kleinen mit lustigen H\u00fcpfburgen und der beliebten 360\u00ba-Videoplattform vorbereitet ist.<\/p>\n<p>Eine Flamenco-Veranstaltung im April ist eine Attraktion f\u00fcr die einheimischen Familien und vor allem f\u00fcr viele Touristen, die die Stadt besuchen, sagt B\u00fcrgermeister Mat\u00edas Pe\u00f1a. Sie genie\u00dfen einen Nachmittag mit Reitvorf\u00fchrungen, Flamenco-Kost\u00fcmen und -Farben sowie k\u00fcnstlerischen T\u00e4nzen und Gesang.<\/p>\n<\/p>\n<\/div>\n","protected":false},"excerpt":{"rendered":"<p><strong>Reit- und Flamencotanzshow diesen Freitag in Caleta de Fuste<\/strong><\/p>\n","protected":false},"author":1,"featured_media":2424,"comment_status":"open","ping_status":"open","sticky":false,"template":"","format":"standard","meta":{"inline_featured_image":false,"jnews-multi-image_gallery":[],"jnews_single_post":[],"jnews_primary_category":[],"jnews_social_meta":[],"jnews_override_counter":[],"jnews_post_split":[],"footnotes":""},"categories":[283],"tags":[],"class_list":["post-2430","post","type-post","status-publish","format-standard","has-post-thumbnail","hentry","category-antigua-de"],"jetpack_featured_media_url":"https:\/\/informacionlocal.es\/wp-content\/uploads\/2025\/04\/imagen-de-whatsapp-2025-04-16-a-las-09-58-09_6ad7a92d.jpg","_links":{"self":[{"href":"https:\/\/informacionlocal.es\/de\/wp-json\/wp\/v2\/posts\/2430","targetHints":{"allow":["GET"]}}],"collection":[{"href":"https:\/\/informacionlocal.es\/de\/wp-json\/wp\/v2\/posts"}],"about":[{"href":"https:\/\/informacionlocal.es\/de\/wp-json\/wp\/v2\/types\/post"}],"author":[{"embeddable":true,"href":"https:\/\/informacionlocal.es\/de\/wp-json\/wp\/v2\/users\/1"}],"replies":[{"embeddable":true,"href":"https:\/\/informacionlocal.es\/de\/wp-json\/wp\/v2\/comments?post=2430"}],"version-history":[{"count":0,"href":"https:\/\/informacionlocal.es\/de\/wp-json\/wp\/v2\/posts\/2430\/revisions"}],"wp:featuredmedia":[{"embeddable":true,"href":"https:\/\/informacionlocal.es\/de\/wp-json\/wp\/v2\/media\/2424"}],"wp:attachment":[{"href":"https:\/\/informacionlocal.es\/de\/wp-json\/wp\/v2\/media?parent=2430"}],"wp:term":[{"taxonomy":"category","embeddable":true,"href":"https:\/\/informacionlocal.es\/de\/wp-json\/wp\/v2\/categories?post=2430"},{"taxonomy":"post_tag","embeddable":true,"href":"https:\/\/informacionlocal.es\/de\/wp-json\/wp\/v2\/tags?post=2430"}],"curies":[{"name":"wp","href":"https:\/\/api.w.org\/{rel}","templated":true}]}}