{"id":2415,"date":"2025-04-22T14:51:25","date_gmt":"2025-04-22T14:51:25","guid":{"rendered":"https:\/\/informacionlocal.es\/antigua-vereinbart-mit-der-handelskammer-die-foerderung-von-berufsbildungstagen\/"},"modified":"2025-04-22T14:51:25","modified_gmt":"2025-04-22T14:51:25","slug":"antigua-vereinbart-mit-der-handelskammer-die-foerderung-von-berufsbildungstagen","status":"publish","type":"post","link":"https:\/\/informacionlocal.es\/de\/antigua-vereinbart-mit-der-handelskammer-die-foerderung-von-berufsbildungstagen\/","title":{"rendered":"Antigua vereinbart mit der Handelskammer die F\u00f6rderung von Berufsbildungstagen"},"content":{"rendered":"<div class=\"elementor-widget-container\">\n<p><strong>Antigua gibt der Handelskammer einen \u00dcberblick \u00fcber die Verbesserungen in El Castillo, in den D\u00f6rfern und in den Einkaufszonen nach Investitionen von mehr als 20 Millionen Euro<\/strong><\/p>\n<p><strong>Antigua vereinbart mit der Handelskammer die F\u00f6rderung von Berufsbildungstagen<\/strong><\/p>\n<p><strong>&#8211; Die Vertreter der Handelskammer best\u00e4tigen die F\u00f6rderung, Versch\u00f6nerung und Modernisierung der wichtigsten Gewerbegebiete, Stra\u00dfen und Bereiche der Gemeinde Antigua.<\/strong><\/p>\n<p>Der B\u00fcrgermeister Mat\u00edas Pe\u00f1a Garc\u00eda und der Stadtrat f\u00fcr Handel, Giuseppe Signorino, trafen sich am Dienstagmorgen, 22. April, mit Vertretern der Kommission f\u00fcr internen Handel der Industrie-, Handels-, Dienstleistungs- und Schifffahrtskammer von Fuerteventura.<\/p>\n<p>W\u00e4hrend des Treffens erl\u00e4uterte der B\u00fcrgermeister die wichtigen Verbesserungen in den Stra\u00dfen, Alleen und Fu\u00dfg\u00e4ngerzonen von St\u00e4dten und D\u00f6rfern wie Valles de Ortega, Casillas de Morales und Caleta de Fuste, wo die Fertigstellung von Projekten im Wert von mehr als 20 Millionen Euro in diesem Jahr eine Modernisierung und einen Aufschwung ihrer Gesch\u00e4ftsbereiche und des Wohlbefindens der ans\u00e4ssigen Familien und der Touristen, die uns besuchen, bedeutet hat.<\/p>\n<p>Dieses Treffen zwischen der Handelskammer und dem Rathaus von Antigua ist eine Fortsetzung der Ende letzten Jahres getroffenen Vereinbarung zur Koordinierung von Ma\u00dfnahmen zum Nutzen und zur Entwicklung von Gesch\u00e4ften und Dienstleistungsbetrieben in der Gemeinde, sagte die Vertreterin der Kammer, Daniela Plotegher, die sich pers\u00f6nlich von der Modernisierung und Verbesserung der Zug\u00e4nge und der Versch\u00f6nerung der wichtigsten Gesch\u00e4ftsbereiche der Gemeinde \u00fcberzeugt hat.<\/p>\n<p>Beide Institutionen werden diese Kontakt- und Koordinierungssitzungen beibehalten und unter anderem die Organisation von Berufsbildungstagen f\u00f6rdern, die darauf abzielen, den Inhabern kleiner und mittlerer Unternehmen Management-, Werbe- und Verkaufsressourcen zur Verf\u00fcgung zu stellen.<\/p>\n<\/div>\n","protected":false},"excerpt":{"rendered":"<p><strong>Antigua gibt der Handelskammer einen \u00dcberblick \u00fcber die Verbesserungen in El Castillo, in den D\u00f6rfern und in den Einkaufszonen nach Investitionen von mehr als 20 Millionen Euro<\/strong><\/p>\n","protected":false},"author":1,"featured_media":2412,"comment_status":"open","ping_status":"open","sticky":false,"template":"","format":"standard","meta":{"inline_featured_image":false,"jnews-multi-image_gallery":[],"jnews_single_post":[],"jnews_primary_category":[],"jnews_social_meta":[],"jnews_override_counter":[],"jnews_post_split":[],"footnotes":""},"categories":[283],"tags":[216],"class_list":["post-2415","post","type-post","status-publish","format-standard","has-post-thumbnail","hentry","category-antigua-de","tag-fuerteventura-de"],"jetpack_featured_media_url":"https:\/\/informacionlocal.es\/wp-content\/uploads\/2025\/04\/antigua-acuerda-con-camara-de-comercio-impulsar-unas-jornadas-formativas-profesionales-scaled-1.jpg","_links":{"self":[{"href":"https:\/\/informacionlocal.es\/de\/wp-json\/wp\/v2\/posts\/2415","targetHints":{"allow":["GET"]}}],"collection":[{"href":"https:\/\/informacionlocal.es\/de\/wp-json\/wp\/v2\/posts"}],"about":[{"href":"https:\/\/informacionlocal.es\/de\/wp-json\/wp\/v2\/types\/post"}],"author":[{"embeddable":true,"href":"https:\/\/informacionlocal.es\/de\/wp-json\/wp\/v2\/users\/1"}],"replies":[{"embeddable":true,"href":"https:\/\/informacionlocal.es\/de\/wp-json\/wp\/v2\/comments?post=2415"}],"version-history":[{"count":0,"href":"https:\/\/informacionlocal.es\/de\/wp-json\/wp\/v2\/posts\/2415\/revisions"}],"wp:featuredmedia":[{"embeddable":true,"href":"https:\/\/informacionlocal.es\/de\/wp-json\/wp\/v2\/media\/2412"}],"wp:attachment":[{"href":"https:\/\/informacionlocal.es\/de\/wp-json\/wp\/v2\/media?parent=2415"}],"wp:term":[{"taxonomy":"category","embeddable":true,"href":"https:\/\/informacionlocal.es\/de\/wp-json\/wp\/v2\/categories?post=2415"},{"taxonomy":"post_tag","embeddable":true,"href":"https:\/\/informacionlocal.es\/de\/wp-json\/wp\/v2\/tags?post=2415"}],"curies":[{"name":"wp","href":"https:\/\/api.w.org\/{rel}","templated":true}]}}