{"id":2402,"date":"2025-04-22T12:21:14","date_gmt":"2025-04-22T12:21:14","guid":{"rendered":"https:\/\/informacionlocal.es\/start-der-impf-und-identifizierungskampagne-gegen-tollwut-bei-hunden-2025-in-la-oliva\/"},"modified":"2025-04-22T12:21:14","modified_gmt":"2025-04-22T12:21:14","slug":"start-der-impf-und-identifizierungskampagne-gegen-tollwut-bei-hunden-2025-in-la-oliva","status":"publish","type":"post","link":"https:\/\/informacionlocal.es\/de\/start-der-impf-und-identifizierungskampagne-gegen-tollwut-bei-hunden-2025-in-la-oliva\/","title":{"rendered":"Start der Impf- und Identifizierungskampagne gegen Tollwut bei Hunden 2025 in La Oliva"},"content":{"rendered":"<p>Die Stadtverwaltung von La Oliva k\u00fcndigt \u00fcber die Abteilung f\u00fcr \u00f6ffentliche Gesundheit, die von Christian Rodr\u00edguez geleitet wird, den Beginn der Kampagne 2025 zur Tollwutimpfung und Hundeidentifizierung an. Vom 26. April bis zum 11. Mai findet diese j\u00e4hrliche Initiative statt, die es den Einwohnern der Gemeinde erm\u00f6glicht, die geltenden Gesundheitsvorschriften zu erf\u00fcllen und so die Gesundheit ihrer Haustiere zu erschwinglichen Bedingungen zu gew\u00e4hrleisten.   <\/p>\n<p>Ziel ist es, den Zugang zu dieser Dienstleistung in den verschiedenen Ortschaften der Gemeinde zu erleichtern, damit die Besitzer ihre Haustiere impfen lassen k\u00f6nnen, ohne eine weite Strecke zur\u00fccklegen zu m\u00fcssen. Die Kampagne richtet sich ausschlie\u00dflich an Hunde, deren Besitzer in La Oliva leben und dies durch ihren Personalausweis oder ihre Wohnsitzbescheinigung nachweisen k\u00f6nnen.   <\/p>\n<p>Zu den Ma\u00dfnahmen, die im Rahmen der Kampagne durchgef\u00fchrt werden, geh\u00f6ren die Tollwutimpfung, die Implantation von Mikrochips f\u00fcr Tiere, die noch keinen Chip haben, sowie die Aktualisierung des st\u00e4dtischen Hunderegisters. Die Kosten f\u00fcr die Impfung und die Installation des Chips belaufen sich auf 20 Euro, w\u00e4hrend die Tiere, die bereits einen Mikrochip haben, nur 5 Euro f\u00fcr die Tollwutimpfung zahlen m\u00fcssen.   <\/p>\n<p>Der B\u00fcrgermeister von La Oliva, Isa\u00ed Blanco, weist darauf hin, wie wichtig es ist, diese kommunale Initiative fortzusetzen, denn &#8222;es liegt in der Verantwortung aller Einwohner der Gemeinde, unsere Haustiere zu sch\u00fctzen und damit die Sicherheit und das Wohlbefinden der gesamten Gemeinschaft zu gew\u00e4hrleisten. Diese Ma\u00dfnahme zielt darauf ab, den Tierschutz in unserer Gemeinde weiter zu f\u00f6rdern und damit dieser Viruserkrankung ein Ende zu setzen&#8220;.<\/p>\n<p>Der Stadtrat f\u00fcr \u00f6ffentliche Gesundheit, Christian Rodr\u00edguez, sagte: &#8222;Diese Kampagne spiegelt das echte Engagement der Stadtverwaltung f\u00fcr den Tierschutz wider. Wir wollen es allen Familien in der Gemeinde erleichtern, ihre Haustiere zu impfen und zu kennzeichnen, nicht nur, weil es gesetzlich vorgeschrieben ist, sondern auch, weil wir verstehen, dass die \u00f6ffentliche Gesundheit und der Respekt f\u00fcr Tiere eine gemeinsame Verantwortung sind. Um dies zu erreichen, werden wir uns an alle Ortschaften wenden, damit niemand ausgeschlossen wird&#8220;.<\/p>\n<p>Das Rathaus weist darauf hin, dass die Vorlage des Tierausweises obligatorisch ist und nicht bis zum letzten Tag gewartet werden sollte, um das Verfahren zu beschleunigen und die Arbeit der Fachleute in diesem Bereich zu erleichtern. Der vollst\u00e4ndige Kalender mit Daten und Orten ist in der offiziellen Bekanntmachung und in den Kommunikationskan\u00e4len des Rathauses verf\u00fcgbar. <\/p>\n","protected":false},"excerpt":{"rendered":"<p><span>Das Konsistorium startet die Initiative vom 26. April bis 11. Mai mit dem Ziel, den Schutz und die Sicherheit von Haustieren in der Gemeinde zu f\u00f6rdern.<\/span><\/p>\n","protected":false},"author":1,"featured_media":2400,"comment_status":"open","ping_status":"open","sticky":false,"template":"","format":"standard","meta":{"inline_featured_image":false,"jnews-multi-image_gallery":[],"jnews_single_post":[],"jnews_primary_category":[],"jnews_social_meta":[],"jnews_override_counter":[],"jnews_post_split":[],"footnotes":""},"categories":[291],"tags":[323],"class_list":["post-2402","post","type-post","status-publish","format-standard","has-post-thumbnail","hentry","category-la-oliva-de","tag-aufenthalt"],"jetpack_featured_media_url":"https:\/\/informacionlocal.es\/wp-content\/uploads\/2025\/04\/5190_43b671f2.png","_links":{"self":[{"href":"https:\/\/informacionlocal.es\/de\/wp-json\/wp\/v2\/posts\/2402","targetHints":{"allow":["GET"]}}],"collection":[{"href":"https:\/\/informacionlocal.es\/de\/wp-json\/wp\/v2\/posts"}],"about":[{"href":"https:\/\/informacionlocal.es\/de\/wp-json\/wp\/v2\/types\/post"}],"author":[{"embeddable":true,"href":"https:\/\/informacionlocal.es\/de\/wp-json\/wp\/v2\/users\/1"}],"replies":[{"embeddable":true,"href":"https:\/\/informacionlocal.es\/de\/wp-json\/wp\/v2\/comments?post=2402"}],"version-history":[{"count":0,"href":"https:\/\/informacionlocal.es\/de\/wp-json\/wp\/v2\/posts\/2402\/revisions"}],"wp:featuredmedia":[{"embeddable":true,"href":"https:\/\/informacionlocal.es\/de\/wp-json\/wp\/v2\/media\/2400"}],"wp:attachment":[{"href":"https:\/\/informacionlocal.es\/de\/wp-json\/wp\/v2\/media?parent=2402"}],"wp:term":[{"taxonomy":"category","embeddable":true,"href":"https:\/\/informacionlocal.es\/de\/wp-json\/wp\/v2\/categories?post=2402"},{"taxonomy":"post_tag","embeddable":true,"href":"https:\/\/informacionlocal.es\/de\/wp-json\/wp\/v2\/tags?post=2402"}],"curies":[{"name":"wp","href":"https:\/\/api.w.org\/{rel}","templated":true}]}}