{"id":2343,"date":"2025-04-21T13:29:05","date_gmt":"2025-04-21T13:29:05","guid":{"rendered":"https:\/\/informacionlocal.es\/der-neue-standort-des-costa-calma-flohmarktes-startet-mit-erfolg\/"},"modified":"2025-04-21T13:29:05","modified_gmt":"2025-04-21T13:29:05","slug":"der-neue-standort-des-costa-calma-flohmarktes-startet-mit-erfolg","status":"publish","type":"post","link":"https:\/\/informacionlocal.es\/de\/der-neue-standort-des-costa-calma-flohmarktes-startet-mit-erfolg\/","title":{"rendered":"Der neue Standort des Costa Calma Flohmarktes startet mit Erfolg"},"content":{"rendered":"<div class=\"entry-content\">\n<p><b><i>Der Stadtrat ermutigt die B\u00fcrgerinnen und B\u00fcrger, den Stra\u00dfenmarkt zu besuchen und die lokalen Unternehmen jeden Mittwoch und Sonntag zu unterst\u00fctzen.<\/i><\/b><\/p>\n<p><span>Die Handelsabteilung des Rathauses von P\u00e1jara hebt hervor, dass der neue Standort des Stra\u00dfenmarktes von Costa Calma, der diese Woche an die Strandpromenade von El Palmeral verlegt wurde, aufgrund der guten Teilnehmerzahlen gut angenommen wird.  <\/span><\/p>\n<p><span>Der Stadtrat f\u00fcr Handel, Juan Jos\u00e9 Viera, weist darauf hin, dass diese \u00c4nderung beschlossen wurde, um das Image des Marktes zu verbessern und ein attraktiveres und funktionelleres Umfeld zu bieten. &#8222;Der neue Raum erm\u00f6glicht es uns, die allgemeinen Bedingungen des Marktes zu verbessern, mit schattigen Bereichen, gr\u00f6\u00dferer Sauberkeit und einer besseren Verteilung der St\u00e4nde&#8220;, sagt Viera, der auch darauf hinweist, dass dies &#8222;ein wichtiger Schritt ist, um ein komfortableres und besser organisiertes Erlebnis zu garantieren&#8220;.   <\/span><\/p>\n<p><span>Der B\u00fcrgermeister von P\u00e1jara, Alejandro Jorge, weist darauf hin, dass diese Verlagerung Teil einer umfassenderen Strategie ist, die darauf abzielt, den \u00f6ffentlichen Raum f\u00fcr den Handel zu verbessern, um &#8222;die wirtschaftliche Aktivit\u00e4t der Gemeinde anzukurbeln und ein funktionelleres und attraktiveres Umfeld f\u00fcr Einwohner und Touristen zu bieten&#8220;.  <\/span><\/p>\n<p><span>Dieser neue Standort ist ein idealer Ort f\u00fcr diese Art von Aktivit\u00e4ten unter freiem Himmel, die den Kauf von lokalen Produkten, Handwerk und ein vielf\u00e4ltiges kommerzielles Angebot erm\u00f6glichen.<\/span><\/p>\n<p><span>Das Rathaus von P\u00e1jara l\u00e4dt alle B\u00fcrgerinnen und B\u00fcrger ein, den Stra\u00dfenmarkt an seinem neuen Standort zu besuchen, und zwar jeden Mittwoch und Sonntag, und den lokalen Handel weiterhin zu unterst\u00fctzen.  <\/span><\/p>\n<div>Teilen Sie<\/div>\n<\/div>\n","protected":false},"excerpt":{"rendered":"<p><i>Der Stadtrat ermutigt die B\u00fcrgerinnen und B\u00fcrger, den Stra\u00dfenmarkt zu besuchen und die lokalen Unternehmen jeden Mittwoch und Sonntag zu unterst\u00fctzen.<\/i><\/p>\n","protected":false},"author":1,"featured_media":2340,"comment_status":"open","ping_status":"open","sticky":false,"template":"","format":"standard","meta":{"inline_featured_image":false,"jnews-multi-image_gallery":[],"jnews_single_post":[],"jnews_primary_category":[],"jnews_social_meta":[],"jnews_override_counter":[],"jnews_post_split":[],"footnotes":""},"categories":[297],"tags":[],"class_list":["post-2343","post","type-post","status-publish","format-standard","has-post-thumbnail","hentry","category-pajara-de"],"jetpack_featured_media_url":"https:\/\/informacionlocal.es\/wp-content\/uploads\/2025\/04\/mercadillo-costa-calma.png","_links":{"self":[{"href":"https:\/\/informacionlocal.es\/de\/wp-json\/wp\/v2\/posts\/2343","targetHints":{"allow":["GET"]}}],"collection":[{"href":"https:\/\/informacionlocal.es\/de\/wp-json\/wp\/v2\/posts"}],"about":[{"href":"https:\/\/informacionlocal.es\/de\/wp-json\/wp\/v2\/types\/post"}],"author":[{"embeddable":true,"href":"https:\/\/informacionlocal.es\/de\/wp-json\/wp\/v2\/users\/1"}],"replies":[{"embeddable":true,"href":"https:\/\/informacionlocal.es\/de\/wp-json\/wp\/v2\/comments?post=2343"}],"version-history":[{"count":0,"href":"https:\/\/informacionlocal.es\/de\/wp-json\/wp\/v2\/posts\/2343\/revisions"}],"wp:featuredmedia":[{"embeddable":true,"href":"https:\/\/informacionlocal.es\/de\/wp-json\/wp\/v2\/media\/2340"}],"wp:attachment":[{"href":"https:\/\/informacionlocal.es\/de\/wp-json\/wp\/v2\/media?parent=2343"}],"wp:term":[{"taxonomy":"category","embeddable":true,"href":"https:\/\/informacionlocal.es\/de\/wp-json\/wp\/v2\/categories?post=2343"},{"taxonomy":"post_tag","embeddable":true,"href":"https:\/\/informacionlocal.es\/de\/wp-json\/wp\/v2\/tags?post=2343"}],"curies":[{"name":"wp","href":"https:\/\/api.w.org\/{rel}","templated":true}]}}