{"id":2332,"date":"2025-04-21T12:33:03","date_gmt":"2025-04-21T12:33:03","guid":{"rendered":"https:\/\/informacionlocal.es\/volle-fahrt-voraus-mit-beifahrer-jonathan-hernandez-bei-der-rallye-islas-canarias\/"},"modified":"2025-04-21T12:33:03","modified_gmt":"2025-04-21T12:33:03","slug":"volle-fahrt-voraus-mit-beifahrer-jonathan-hernandez-bei-der-rallye-islas-canarias","status":"publish","type":"post","link":"https:\/\/informacionlocal.es\/de\/volle-fahrt-voraus-mit-beifahrer-jonathan-hernandez-bei-der-rallye-islas-canarias\/","title":{"rendered":"Volle Fahrt voraus mit Beifahrer Jonathan Hern\u00e1ndez bei der Rallye Islas Canarias"},"content":{"rendered":"<div class=\"elementor-widget-container\">\n<p><strong>Volle Fahrt voraus mit Beifahrer Jonathan Hern\u00e1ndez bei der Rallye Islas Canarias<\/strong><\/p>\n<p><strong>&#8211; Der j\u00fcngste Beifahrer bei der Rallye de Canarias kommt aus Antigua und hei\u00dft Jonathan Hern\u00e1ndez.  <\/strong><br \/><strong>&#8211; Der einzige Majorero, der bei der Rallye de Canarias dabei ist, wird sich mit dem ehemaligen spanischen Meister Juan Carlos Quintana zusammentun.  <\/strong><br \/><strong>&#8211; Die Ergebnisse der Rally Islas Canarias sind die ersten in der Rallye-Weltmeisterschaft.<\/strong><\/p>\n<p>Die 49. Rallye Islas Canarias &#8211; Rallye Spanien, die in dieser Woche vom 24. bis 27. April stattfindet, zeichnet sich dadurch aus, dass sie zum ersten Mal Teil der WRC, der World Rally Championship, ist, und f\u00fcr die Gemeinde Antigua, weil sie in dieser Ausgabe mit der Teilnahme unseres jungen Beifahrers Jonathan Hern\u00e1ndez z\u00e4hlt, dessen Karriere wir seit den Anf\u00e4ngen mit seinem Vater, dem kanarischen Meister An\u00edbal, verfolgt haben, sagt der B\u00fcrgermeister Mat\u00edas Pe\u00f1a Garc\u00eda.<\/p>\n<p>Die Konzentration und die Pr\u00e4zision in den Berechnungen dieses Beifahrers sind eine Garantie, um die beste Zeit in einem Autorennen zu erzielen, sagt der B\u00fcrgermeister, und man kann von einem Menschen nicht mehr verlangen, als das Beste aus sich herauszuholen, wie Jonathan Hern\u00e1ndez immer wieder beweist.<\/p>\n<p>Jonathan Hern\u00e1ndez wird der j\u00fcngste Beifahrer sein, der f\u00fcr dieses Hauptereignis 2025 des kanarischen Motorsports gemeldet ist, der einzige Vertreter Mallorcas, wie der Stadtrat f\u00fcr Sport, Samuel Torres, mitteilt, und er wird in einem Team mit dem bekannten Fahrer Juan Carlos Quintana antreten, mit dem er bereits ein Team in der spanischen Meisterschaft gebildet hat.<\/p>\n<p>Der B\u00fcrgermeister und der Stadtrat gratulieren dem jungen Beifahrer Jonathan Hernandez zu seiner erfolgreichen Karriere und w\u00fcnschen ihm im Namen der gesamten Stadtverwaltung von Antigua, dass er die besten Ergebnisse erzielt.<\/p>\n<p>Das von Jonathan und Juan Carlos gebildete Team wird mit einem Citro\u00ebn C3 Rally2 des Teams Sport&amp;You Canarias an der WRC2-Meisterschaft teilnehmen, der zweiten Division der Rallye-Weltmeisterschaft.<\/p>\n<\/div>\n","protected":false},"excerpt":{"rendered":"<p><strong>Volle Fahrt voraus mit Beifahrer Jonathan Hern\u00e1ndez bei der Rallye Islas Canarias<\/strong><\/p>\n","protected":false},"author":1,"featured_media":2325,"comment_status":"open","ping_status":"open","sticky":false,"template":"","format":"standard","meta":{"inline_featured_image":false,"jnews-multi-image_gallery":[],"jnews_single_post":[],"jnews_primary_category":[],"jnews_social_meta":[],"jnews_override_counter":[],"jnews_post_split":[],"footnotes":""},"categories":[283],"tags":[],"class_list":["post-2332","post","type-post","status-publish","format-standard","has-post-thumbnail","hentry","category-antigua-de"],"jetpack_featured_media_url":"https:\/\/informacionlocal.es\/wp-content\/uploads\/2025\/04\/img_20230826_165044.jpg","_links":{"self":[{"href":"https:\/\/informacionlocal.es\/de\/wp-json\/wp\/v2\/posts\/2332","targetHints":{"allow":["GET"]}}],"collection":[{"href":"https:\/\/informacionlocal.es\/de\/wp-json\/wp\/v2\/posts"}],"about":[{"href":"https:\/\/informacionlocal.es\/de\/wp-json\/wp\/v2\/types\/post"}],"author":[{"embeddable":true,"href":"https:\/\/informacionlocal.es\/de\/wp-json\/wp\/v2\/users\/1"}],"replies":[{"embeddable":true,"href":"https:\/\/informacionlocal.es\/de\/wp-json\/wp\/v2\/comments?post=2332"}],"version-history":[{"count":0,"href":"https:\/\/informacionlocal.es\/de\/wp-json\/wp\/v2\/posts\/2332\/revisions"}],"wp:featuredmedia":[{"embeddable":true,"href":"https:\/\/informacionlocal.es\/de\/wp-json\/wp\/v2\/media\/2325"}],"wp:attachment":[{"href":"https:\/\/informacionlocal.es\/de\/wp-json\/wp\/v2\/media?parent=2332"}],"wp:term":[{"taxonomy":"category","embeddable":true,"href":"https:\/\/informacionlocal.es\/de\/wp-json\/wp\/v2\/categories?post=2332"},{"taxonomy":"post_tag","embeddable":true,"href":"https:\/\/informacionlocal.es\/de\/wp-json\/wp\/v2\/tags?post=2332"}],"curies":[{"name":"wp","href":"https:\/\/api.w.org\/{rel}","templated":true}]}}