{"id":2306,"date":"2025-04-21T11:20:45","date_gmt":"2025-04-21T11:20:45","guid":{"rendered":"https:\/\/informacionlocal.es\/52-verordnung-zur-festlegung-der-regelungsgrundlagen-fuer-die-wettbewerblichen-ausschreibungen-von-foerdermitteln-zur-foerderung-der\/"},"modified":"2025-04-21T11:20:45","modified_gmt":"2025-04-21T11:20:45","slug":"52-verordnung-zur-festlegung-der-regelungsgrundlagen-fuer-die-wettbewerblichen-ausschreibungen-von-foerdermitteln-zur-foerderung-der","status":"publish","type":"post","link":"https:\/\/informacionlocal.es\/de\/52-verordnung-zur-festlegung-der-regelungsgrundlagen-fuer-die-wettbewerblichen-ausschreibungen-von-foerdermitteln-zur-foerderung-der\/","title":{"rendered":"52.- Verordnung zur Festlegung der Regelungsgrundlagen f\u00fcr die wettbewerblichen Ausschreibungen von F\u00f6rdermitteln zur F\u00f6rderung der&#8230;"},"content":{"rendered":"<div class=\"entry-content\">\n<pre>52.- Ordenanza por la que se establecen las bases reguladoras de las convocatorias de subvenciones en r\u00e9gimen de concurrencia competitiva para el fomento del deporte para deportistas, clubes o asociaciones deportivas sin \u00e1nimo de lucro del municipio de P\u00e1jara.<\/pre>\n<div>Teilen Sie<\/div>\n<\/div>\n","protected":false},"excerpt":{"rendered":"<p>52.- Ordenanza por la que se establecen las bases reguladoras de las convocatorias de subvenciones en r\u00e9gimen de concurrencia competitiva para el fomento del deporte para deportistas, clubes o asociaciones [&hellip;]<\/p>\n","protected":false},"author":1,"featured_media":2304,"comment_status":"open","ping_status":"open","sticky":false,"template":"","format":"standard","meta":{"inline_featured_image":false,"jnews-multi-image_gallery":[],"jnews_single_post":[],"jnews_primary_category":[],"jnews_social_meta":[],"jnews_override_counter":[],"jnews_post_split":[],"footnotes":""},"categories":[297],"tags":[242,318],"class_list":["post-2306","post","type-post","status-publish","format-standard","has-post-thumbnail","hentry","category-pajara-de","tag-aufforderungen-zur-einreichung-von-bewerbungen","tag-sport"],"jetpack_featured_media_url":"https:\/\/informacionlocal.es\/wp-content\/uploads\/2025\/04\/nofoto.png","_links":{"self":[{"href":"https:\/\/informacionlocal.es\/de\/wp-json\/wp\/v2\/posts\/2306","targetHints":{"allow":["GET"]}}],"collection":[{"href":"https:\/\/informacionlocal.es\/de\/wp-json\/wp\/v2\/posts"}],"about":[{"href":"https:\/\/informacionlocal.es\/de\/wp-json\/wp\/v2\/types\/post"}],"author":[{"embeddable":true,"href":"https:\/\/informacionlocal.es\/de\/wp-json\/wp\/v2\/users\/1"}],"replies":[{"embeddable":true,"href":"https:\/\/informacionlocal.es\/de\/wp-json\/wp\/v2\/comments?post=2306"}],"version-history":[{"count":0,"href":"https:\/\/informacionlocal.es\/de\/wp-json\/wp\/v2\/posts\/2306\/revisions"}],"wp:featuredmedia":[{"embeddable":true,"href":"https:\/\/informacionlocal.es\/de\/wp-json\/wp\/v2\/media\/2304"}],"wp:attachment":[{"href":"https:\/\/informacionlocal.es\/de\/wp-json\/wp\/v2\/media?parent=2306"}],"wp:term":[{"taxonomy":"category","embeddable":true,"href":"https:\/\/informacionlocal.es\/de\/wp-json\/wp\/v2\/categories?post=2306"},{"taxonomy":"post_tag","embeddable":true,"href":"https:\/\/informacionlocal.es\/de\/wp-json\/wp\/v2\/tags?post=2306"}],"curies":[{"name":"wp","href":"https:\/\/api.w.org\/{rel}","templated":true}]}}