{"id":2295,"date":"2025-04-19T11:01:39","date_gmt":"2025-04-19T11:01:39","guid":{"rendered":"https:\/\/informacionlocal.es\/der-diesjaehrige-preis-des-inselhandwerks-geht-an-die-toepferin-bianca-scarpari\/"},"modified":"2025-04-19T11:01:39","modified_gmt":"2025-04-19T11:01:39","slug":"der-diesjaehrige-preis-des-inselhandwerks-geht-an-die-toepferin-bianca-scarpari","status":"publish","type":"post","link":"https:\/\/informacionlocal.es\/de\/der-diesjaehrige-preis-des-inselhandwerks-geht-an-die-toepferin-bianca-scarpari\/","title":{"rendered":"Der diesj\u00e4hrige Preis des Inselhandwerks geht an die T\u00f6pferin Bianca Scarpari."},"content":{"rendered":"<div class=\"elementor-widget-container\">\n<p><strong>Der diesj\u00e4hrige Preis des Inselhandwerks geht an die T\u00f6pferin Bianca Scarpari.<\/strong><\/p>\n<p><strong>&#8211; Die Kunsthandwerksmesse Fuerteventura 2025, die im Zentrum von Antigua, auf Pl\u00e4tzen und Stra\u00dfen stattfindet, beginnt am kommenden Donnerstag, dem 1. Mai, und endet am Sonntag, dem 4. Mai.<\/strong><\/p>\n<p>Der bedeutendste Preis der Insularen Handwerksmesse geht in diesem Jahr an die T\u00f6pferin Bianca Scarpari, die zum Insularen Handwerkspreis 2025 gew\u00e4hlt wurde. Die Auszeichnung wird vom B\u00fcrgermeister von Antigua, Mat\u00edas Pe\u00f1a, und der Pr\u00e4sidentin der Stiftung Mafasca Collective, Nereida Brito, w\u00e4hrend der Feierlichkeiten zur sechsunddrei\u00dfigsten Ausgabe entgegengenommen.<\/p>\n<p>Antigua, sein Hauptplatz und seine Stra\u00dfen werden wieder Gastgeber der wichtigsten Handwerksveranstaltung Fuerteventuras sein, und bei dieser Gelegenheit wird es eine Ehre sein, den Handwerkspreis der Insel an Bianca Scarpari zu \u00fcberreichen, deren Bescheidenheit und pers\u00f6nliche Einfachheit mit der Sch\u00e4rfe ihrer N\u00e4hte und gewagten Designs kontrastiert, so der B\u00fcrgermeister Mat\u00edas Pe\u00f1a.<\/p>\n<p>Die in Venedig geborene Kunsthandwerkerin Bianca Scarpari w\u00e4hlte Fuerteventura vor zwanzig Jahren als ihre Heimat und als Inspiration f\u00fcr ihre Entw\u00fcrfe, die durch das Zusammenf\u00fcgen von Stoffst\u00fccken in der traditionellen Webkunst entstehen.<\/p>\n<p>Seit sie sich auf Fuerteventura niedergelassen hat, hat sie es sich nicht nehmen lassen, als Kunsthandwerkerin auf der Insular Craft Fair aufzutreten und originelle Entw\u00fcrfe f\u00fcr Bett\u00fcberw\u00fcrfe, Wandteppiche, Decken und Tischt\u00fccher anzubieten, die mit Almazuelas gewebt sind, was zu einer hochwertigen, farbenfrohen und eleganten Arbeit f\u00fchrt.<\/p>\n<p>Von Donnerstag, dem 1. bis Sonntag, dem 4. Mai, findet die 36. Kunsthandwerksmesse Fuerteventura 2025 statt, an der rund 200 Kunsthandwerkerinnen und Kunsthandwerker der Kanarischen Inseln teilnehmen und ihre besten und hervorragendsten Arbeiten aus Leder, Ton, mit Faden, Seide oder Wolle bestickt, aus Holz geschnitzt oder in Glas oder Silber gestaltet pr\u00e4sentieren.<\/p>\n<\/p>\n<\/div>\n","protected":false},"excerpt":{"rendered":"<p><strong>Der diesj\u00e4hrige Preis des Inselhandwerks geht an die T\u00f6pferin Bianca Scarpari.<\/strong><\/p>\n","protected":false},"author":1,"featured_media":2292,"comment_status":"open","ping_status":"open","sticky":false,"template":"","format":"standard","meta":{"inline_featured_image":false,"jnews-multi-image_gallery":[],"jnews_single_post":[],"jnews_primary_category":[],"jnews_social_meta":[],"jnews_override_counter":[],"jnews_post_split":[],"footnotes":""},"categories":[283],"tags":[216],"class_list":["post-2295","post","type-post","status-publish","format-standard","has-post-thumbnail","hentry","category-antigua-de","tag-fuerteventura-de"],"jetpack_featured_media_url":"https:\/\/informacionlocal.es\/wp-content\/uploads\/2025\/04\/artesana-bianca-scarpari.jpg","_links":{"self":[{"href":"https:\/\/informacionlocal.es\/de\/wp-json\/wp\/v2\/posts\/2295","targetHints":{"allow":["GET"]}}],"collection":[{"href":"https:\/\/informacionlocal.es\/de\/wp-json\/wp\/v2\/posts"}],"about":[{"href":"https:\/\/informacionlocal.es\/de\/wp-json\/wp\/v2\/types\/post"}],"author":[{"embeddable":true,"href":"https:\/\/informacionlocal.es\/de\/wp-json\/wp\/v2\/users\/1"}],"replies":[{"embeddable":true,"href":"https:\/\/informacionlocal.es\/de\/wp-json\/wp\/v2\/comments?post=2295"}],"version-history":[{"count":0,"href":"https:\/\/informacionlocal.es\/de\/wp-json\/wp\/v2\/posts\/2295\/revisions"}],"wp:featuredmedia":[{"embeddable":true,"href":"https:\/\/informacionlocal.es\/de\/wp-json\/wp\/v2\/media\/2292"}],"wp:attachment":[{"href":"https:\/\/informacionlocal.es\/de\/wp-json\/wp\/v2\/media?parent=2295"}],"wp:term":[{"taxonomy":"category","embeddable":true,"href":"https:\/\/informacionlocal.es\/de\/wp-json\/wp\/v2\/categories?post=2295"},{"taxonomy":"post_tag","embeddable":true,"href":"https:\/\/informacionlocal.es\/de\/wp-json\/wp\/v2\/tags?post=2295"}],"curies":[{"name":"wp","href":"https:\/\/api.w.org\/{rel}","templated":true}]}}