{"id":2260,"date":"2025-04-17T15:03:47","date_gmt":"2025-04-17T15:03:47","guid":{"rendered":"https:\/\/informacionlocal.es\/sport-musik-und-tradition-stehen-im-mittelpunkt-des-programms-fuer-die-feierlichkeiten-zu-ehren-unserer-lieben-frau-von-der-unbefleckten-empfaengnis-in-la-lajita\/"},"modified":"2025-04-18T09:32:12","modified_gmt":"2025-04-18T09:32:12","slug":"sport-musik-und-tradition-stehen-im-mittelpunkt-des-programms-fuer-die-feierlichkeiten-zu-ehren-unserer-lieben-frau-von-der-unbefleckten-empfaengnis-in-la-lajita","status":"publish","type":"post","link":"https:\/\/informacionlocal.es\/de\/sport-musik-und-tradition-stehen-im-mittelpunkt-des-programms-fuer-die-feierlichkeiten-zu-ehren-unserer-lieben-frau-von-der-unbefleckten-empfaengnis-in-la-lajita\/","title":{"rendered":"Sport, Musik und Tradition stehen im Mittelpunkt des Programms f\u00fcr die Feierlichkeiten zu Ehren Unserer Lieben Frau von der Unbefleckten Empf\u00e4ngnis in La Lajita."},"content":{"rendered":"<div class=\"entry-content\">\n<p><b><i>Der Stadtrat organisiert verschiedene Veranstaltungen, die von Montag, dem 21. April, bis zum 27. April stattfinden werden.<\/i><\/b><\/p>\n<p><span>Das Rathaus von P\u00e1jara stellt \u00fcber die Abteilung f\u00fcr Festlichkeiten das Veranstaltungsprogramm f\u00fcr die Feierlichkeiten zu Ehren Unserer Lieben Frau von der Unbefleckten Empf\u00e4ngnis in La Lajita vor, die von Montag, dem 21. April, bis zum 27. April stattfinden werden, mit einem Programm voller Traditionen, Sport, Kultur und Aktivit\u00e4ten f\u00fcr die ganze Familie.  <\/span><\/p>\n<p><span>Der Stadtrat f\u00fcr Festlichkeiten, Juan Jos\u00e9 Viera, l\u00e4dt die B\u00fcrger ein, dieses Fest zu genie\u00dfen, das f\u00fcr alle Altersgruppen gedacht ist. &#8222;W\u00e4hrend dieser Tage werden im Dorf Fu\u00dfballturniere f\u00fcr Kinder und Erwachsene, traditionelle Spiele des Cabildo von Fuerteventura sowie Ausstellungen verschiedener Formen des Ringkampfes und andere Aktivit\u00e4ten stattfinden&#8220;, sagt er.   <\/span><\/p>\n<p><span>Juan Jos\u00e9 Viera dankte auch dem Festausschuss sowie den Technikern und dem st\u00e4dtischen Personal, die an der Durchf\u00fchrung des Programms mitgewirkt haben.  <\/span><\/p>\n<p><span>Auf dem Programm stehen au\u00dferdem eine Escala en Hifi f\u00fcr Kinder und Erwachsene, verschiedene Tanzauff\u00fchrungen von Ensembles aus der Gemeinde, eine Kindergala und verschiedene Shows f\u00fcr alle Zielgruppen. Dar\u00fcber hinaus gibt es die ganze Woche \u00fcber Attraktionen zur Unterhaltung von Jung und Alt.   <\/span><\/p>\n<p><span>Einer der mit Spannung erwarteten Momente wird am Freitag, dem 25. April, ab 20.00 Uhr das II Encuentro de Cuerdas sein, bei dem die Gruppen El Callao, die Agrupaci\u00f3n Folcl\u00f3rica San Antonio Abad La Florida und La Seren\u00e1 auftreten werden.  <\/span><\/p>\n<p><span>Am Samstag, den 26. April, findet ab 14.00 Uhr das Bir\u00f3n-Fest statt, eine festliche Veranstaltung, die sich vor allem an junge Leute richtet, mit Musik und einer Atmosph\u00e4re, die f\u00fcr jeden Spa\u00df zu haben ist.  <\/span><\/p>\n<p><span>Am Sonntag, dem 27. April, findet zu Ehren des Schutzpatrons ein Gottesdienst mit Prozession statt, der von der Stadtkapelle von P\u00e1jara begleitet wird, gefolgt von einem Fest f\u00fcr \u00e4ltere Menschen.<\/span><\/p>\n<p><img loading=\"lazy\" decoding=\"async\" loading=\"lazy\" class=\"alignnone size-medium wp-image-20057\" src=\"https:\/\/informacionlocal.es\/wp-content\/uploads\/2025\/04\/cartel-la-lajita-abril-212x300-1.jpg\" width=\"212\" height=\"300\" title=\"cartel-la-lajita-abril-212x300-1\"><\/p>\n<div>Teilen Sie<\/div>\n<\/div>\n","protected":false},"excerpt":{"rendered":"<p><i>Der Stadtrat organisiert verschiedene Veranstaltungen, die von Montag, dem 21. April, bis zum 27. April stattfinden werden.<\/i><\/p>\n","protected":false},"author":1,"featured_media":2243,"comment_status":"open","ping_status":"open","sticky":false,"template":"","format":"standard","meta":{"inline_featured_image":false,"jnews-multi-image_gallery":[],"jnews_single_post":[],"jnews_primary_category":[],"jnews_social_meta":[],"jnews_override_counter":[],"jnews_post_split":[],"footnotes":""},"categories":[297],"tags":[216],"class_list":["post-2260","post","type-post","status-publish","format-standard","has-post-thumbnail","hentry","category-pajara-de","tag-fuerteventura-de"],"jetpack_featured_media_url":"https:\/\/informacionlocal.es\/wp-content\/uploads\/2025\/04\/cartel-la-lajita-abril-scaled-1.jpg","_links":{"self":[{"href":"https:\/\/informacionlocal.es\/de\/wp-json\/wp\/v2\/posts\/2260","targetHints":{"allow":["GET"]}}],"collection":[{"href":"https:\/\/informacionlocal.es\/de\/wp-json\/wp\/v2\/posts"}],"about":[{"href":"https:\/\/informacionlocal.es\/de\/wp-json\/wp\/v2\/types\/post"}],"author":[{"embeddable":true,"href":"https:\/\/informacionlocal.es\/de\/wp-json\/wp\/v2\/users\/1"}],"replies":[{"embeddable":true,"href":"https:\/\/informacionlocal.es\/de\/wp-json\/wp\/v2\/comments?post=2260"}],"version-history":[{"count":1,"href":"https:\/\/informacionlocal.es\/de\/wp-json\/wp\/v2\/posts\/2260\/revisions"}],"predecessor-version":[{"id":2285,"href":"https:\/\/informacionlocal.es\/de\/wp-json\/wp\/v2\/posts\/2260\/revisions\/2285"}],"wp:featuredmedia":[{"embeddable":true,"href":"https:\/\/informacionlocal.es\/de\/wp-json\/wp\/v2\/media\/2243"}],"wp:attachment":[{"href":"https:\/\/informacionlocal.es\/de\/wp-json\/wp\/v2\/media?parent=2260"}],"wp:term":[{"taxonomy":"category","embeddable":true,"href":"https:\/\/informacionlocal.es\/de\/wp-json\/wp\/v2\/categories?post=2260"},{"taxonomy":"post_tag","embeddable":true,"href":"https:\/\/informacionlocal.es\/de\/wp-json\/wp\/v2\/tags?post=2260"}],"curies":[{"name":"wp","href":"https:\/\/api.w.org\/{rel}","templated":true}]}}