{"id":2257,"date":"2025-04-17T14:54:11","date_gmt":"2025-04-17T14:54:11","guid":{"rendered":"https:\/\/informacionlocal.es\/tuineje-veranstaltet-einen-ausbildungstag-fuer-kanarische-vereine\/"},"modified":"2025-04-18T09:32:09","modified_gmt":"2025-04-18T09:32:09","slug":"tuineje-veranstaltet-einen-ausbildungstag-fuer-kanarische-vereine","status":"publish","type":"post","link":"https:\/\/informacionlocal.es\/de\/tuineje-veranstaltet-einen-ausbildungstag-fuer-kanarische-vereine\/","title":{"rendered":"Tuineje veranstaltet einen Ausbildungstag f\u00fcr kanarische Vereine"},"content":{"rendered":"<div class=\"article-content-inner\">\n<p>Das Rathaus von Tuineje teilt mit, dass am kommenden <strong>Mittwoch, den 23. April, um 18:00 Uhr<\/strong> im <strong>Plenarsaal des Rathauses<\/strong> (Calle Mat\u00edas Hern\u00e1ndez L\u00f3pez, 1. Tuineje Casco) ein <strong>Schulungstag f\u00fcr Vereine der Gemeinde und der gesamten Kanarischen<\/strong> Inseln stattfindet. Diese Initiative zielt darauf ab, die <strong>Abwicklung von Verwaltungsverfahren durch das Elektronische B\u00fcro<\/strong> zu erleichtern und die Effizienz und Autonomie von gemeinn\u00fctzigen Organisationen zu verbessern. <\/p>\n<p>Die Schulung richtet sich an <strong>Verwaltungspersonal, Vertreter und Mitglieder bereits bestehender Vereinigungen<\/strong> sowie an Personen, die an der <strong>Gr\u00fcndung neuer Vereinigungen<\/strong> interessiert sind. Sie befasst sich mit digitalen Werkzeugen und Verwaltungsabl\u00e4ufen, die es diesen Einrichtungen erm\u00f6glichen, ihre T\u00e4tigkeit auf eine flexiblere und sicherere Weise zu entwickeln. <\/p>\n<p>Der Beigeordnete f\u00fcr Soziales, <strong>Pedro Rodr\u00edguez<\/strong>, betonte, dass <em>&#8222;diese Konferenz eine wichtige Gelegenheit f\u00fcr unsere lokalen Verb\u00e4nde ist, Autonomie und Wissen im Umgang mit digitalen Werkzeugen zu erlangen, was heutzutage f\u00fcr den Zugang zu Ressourcen und Subventionen unerl\u00e4sslich ist&#8220;.<\/em><\/p>\n<p>Die B\u00fcrgermeisterin von Tuineje, <strong>Candelaria Umpi\u00e9rrez<\/strong>, wies ihrerseits darauf hin, dass <em>&#8222;wir vom Rathaus aus weiterhin Initiativen f\u00f6rdern, die das assoziative Gef\u00fcge der Gemeinde st\u00e4rken und deren grundlegende Rolle f\u00fcr die soziale, kulturelle und wirtschaftliche Wiederbelebung des Gebiets anerkennen&#8220;.<\/em><\/p>\n<p>Die teilnehmenden Vereine k\u00f6nnen verschiedenen Bereichen angeh\u00f6ren, z. B. Kultur-, Nachbarschafts-, Sport-, Senioren- und Elternvereine sowie Vereine aus den Bereichen <strong>Landwirtschaft, Viehzucht und Fischerei<\/strong>, sofern sie nicht auf Gewinn ausgerichtet sind.<\/p>\n<p>Die Anmeldung ist offen und kann \u00fcber den folgenden Link vorgenommen werden:<br \/>\ud83d\udc49 Anmeldeformular &#8211; Tuineje<\/p>\n<p>Weitere aktuelle Informationen finden Sie auf dem <strong>Open Government Portal der Regierung der Kanarischen Inseln<\/strong>:<br \/>\ud83d\udd17 https:\/\/gobcan.info\/mu41g\/#asociate<\/p>\n<p>Der Stadtrat von Tuineje l\u00e4dt alle interessierten Organisationen zur Teilnahme ein und ermutigt die \u00d6ffentlichkeit, diese Veranstaltung bekannt zu machen, um m\u00f6glichst viele Vereine zu erreichen.<\/p>\n<\/div>\n","protected":false},"excerpt":{"rendered":"<p>Das Rathaus von Tuineje teilt mit, dass am kommenden Mittwoch, den 23. April, um 18:00 Uhr im Plenarsaal des Rathauses (Calle Mat\u00edas Hern\u00e1ndez L\u00f3pez, 1. Tuineje Casco) ein Schulungstag f\u00fcr [&hellip;]<\/p>\n","protected":false},"author":1,"featured_media":2237,"comment_status":"open","ping_status":"open","sticky":false,"template":"","format":"standard","meta":{"inline_featured_image":false,"jnews-multi-image_gallery":[],"jnews_single_post":[],"jnews_primary_category":[],"jnews_social_meta":[],"jnews_override_counter":[],"jnews_post_split":[],"footnotes":""},"categories":[299],"tags":[246],"class_list":["post-2257","post","type-post","status-publish","format-standard","has-post-thumbnail","hentry","category-tuineje-de","tag-formalitaten"],"jetpack_featured_media_url":"https:\/\/informacionlocal.es\/wp-content\/uploads\/2025\/04\/asociate-e1744881526396.jpeg","_links":{"self":[{"href":"https:\/\/informacionlocal.es\/de\/wp-json\/wp\/v2\/posts\/2257","targetHints":{"allow":["GET"]}}],"collection":[{"href":"https:\/\/informacionlocal.es\/de\/wp-json\/wp\/v2\/posts"}],"about":[{"href":"https:\/\/informacionlocal.es\/de\/wp-json\/wp\/v2\/types\/post"}],"author":[{"embeddable":true,"href":"https:\/\/informacionlocal.es\/de\/wp-json\/wp\/v2\/users\/1"}],"replies":[{"embeddable":true,"href":"https:\/\/informacionlocal.es\/de\/wp-json\/wp\/v2\/comments?post=2257"}],"version-history":[{"count":1,"href":"https:\/\/informacionlocal.es\/de\/wp-json\/wp\/v2\/posts\/2257\/revisions"}],"predecessor-version":[{"id":2274,"href":"https:\/\/informacionlocal.es\/de\/wp-json\/wp\/v2\/posts\/2257\/revisions\/2274"}],"wp:featuredmedia":[{"embeddable":true,"href":"https:\/\/informacionlocal.es\/de\/wp-json\/wp\/v2\/media\/2237"}],"wp:attachment":[{"href":"https:\/\/informacionlocal.es\/de\/wp-json\/wp\/v2\/media?parent=2257"}],"wp:term":[{"taxonomy":"category","embeddable":true,"href":"https:\/\/informacionlocal.es\/de\/wp-json\/wp\/v2\/categories?post=2257"},{"taxonomy":"post_tag","embeddable":true,"href":"https:\/\/informacionlocal.es\/de\/wp-json\/wp\/v2\/tags?post=2257"}],"curies":[{"name":"wp","href":"https:\/\/api.w.org\/{rel}","templated":true}]}}