{"id":2250,"date":"2025-04-17T01:14:23","date_gmt":"2025-04-17T01:14:23","guid":{"rendered":"https:\/\/informacionlocal.es\/tuineje-ergreift-massnahmen-gegen-das-gelegentliche-auslaufen-von-grauwasser-in-den-sumpfgebieten\/"},"modified":"2025-04-17T01:14:23","modified_gmt":"2025-04-17T01:14:23","slug":"tuineje-ergreift-massnahmen-gegen-das-gelegentliche-auslaufen-von-grauwasser-in-den-sumpfgebieten","status":"publish","type":"post","link":"https:\/\/informacionlocal.es\/de\/tuineje-ergreift-massnahmen-gegen-das-gelegentliche-auslaufen-von-grauwasser-in-den-sumpfgebieten\/","title":{"rendered":"Tuineje ergreift Ma\u00dfnahmen gegen das gelegentliche Auslaufen von Grauwasser in den Sumpfgebieten"},"content":{"rendered":"<div class=\"article-content-inner\">\n<p>Der Stadtrat von Tuineje m\u00f6chte die \u00d6ffentlichkeit \u00fcber sein Regierungsteam und in Abstimmung mit der Organisation des Vergn\u00fcgungsparks, der w\u00e4hrend der Osterwoche im Dorf Gran Tarajal stattfindet, \u00fcber die j\u00fcngsten \u00c4u\u00dferungen im Zusammenhang mit der M\u00fcllablagerung im Sumpfgebiet informieren.<\/p>\n<p>Zun\u00e4chst einmal stellt die Stadtverwaltung klar, dass zu keinem Zeitpunkt Abwasser eingeleitet wurde. Was festgestellt wurde, war das gelegentliche Einleiten von Grauwasser &#8211; aus Waschbecken oder Duschen &#8211; durch einige Wohnwagenfahrer im Zusammenhang mit der Messe. Sobald wir auf den Vorfall aufmerksam gemacht wurden, haben wir sofort gehandelt, um die Situation zu bereinigen, und die notwendigen Ma\u00dfnahmen ergriffen, um zu verhindern, dass sich ein solcher Vorfall wiederholt.  <\/p>\n<p>Die Stadtr\u00e4tin f\u00fcr Umwelt, Evelyn \u00c1vila, betonte, dass &#8222;der Schutz der nat\u00fcrlichen Umwelt von Tuineje absolute Priorit\u00e4t hat. Von Anfang an wurden Korrekturma\u00dfnahmen ergriffen und die \u00dcberwachung in dem Gebiet verst\u00e4rkt, um sicherzustellen, dass alle Umweltvorschriften eingehalten werden. Wir setzen uns f\u00fcr eine verantwortungsvolle Koexistenz von Freizeit und Nachhaltigkeit ein&#8220;.<\/p>\n<p>Die B\u00fcrgermeisterin von Tuineje, Candelaria Umpi\u00e9rrez, bedauerte ihrerseits die Unannehmlichkeiten, die diese Situation verursacht haben k\u00f6nnte, und versicherte, dass &#8222;wir weiterhin entschlossen handeln werden, wenn die Umwelt gef\u00e4hrdet ist. Gleichzeitig verteidigen wir Vorschl\u00e4ge wie den Jahrmarkt, der eine gesunde und famili\u00e4re Freizeitalternative f\u00fcr diejenigen darstellt, die diese Ferien genie\u00dfen wollen, ohne die Insel zu verlassen&#8220;.<\/p>\n<p>Der Stadtrat bedankt sich f\u00fcr das Verst\u00e4ndnis und die Zusammenarbeit aller B\u00fcrger und bekr\u00e4ftigt sein festes Engagement f\u00fcr den Schutz der Umwelt sowie die F\u00f6rderung einer sicheren, unterhaltsamen und respektvollen Osterwoche in allen \u00f6ffentlichen und nat\u00fcrlichen Bereichen der Stadt.<\/p>\n<\/div>\n","protected":false},"excerpt":{"rendered":"<p>Der Stadtrat von Tuineje m\u00f6chte die \u00d6ffentlichkeit \u00fcber sein Regierungsteam und in Abstimmung mit der Organisation des Vergn\u00fcgungsparks, der w\u00e4hrend der Osterwoche im Dorf Gran Tarajal stattfindet, \u00fcber die j\u00fcngsten [&hellip;]<\/p>\n","protected":false},"author":1,"featured_media":2229,"comment_status":"open","ping_status":"open","sticky":false,"template":"","format":"standard","meta":{"inline_featured_image":false,"jnews-multi-image_gallery":[],"jnews_single_post":[],"jnews_primary_category":[],"jnews_social_meta":[],"jnews_override_counter":[],"jnews_post_split":[],"footnotes":""},"categories":[299],"tags":[199,218],"class_list":["post-2250","post","type-post","status-publish","format-standard","has-post-thumbnail","hentry","category-tuineje-de","tag-umwelt","tag-verordnungen"],"jetpack_featured_media_url":"https:\/\/informacionlocal.es\/wp-content\/uploads\/2025\/04\/ayto-tuineje-scaled-1.jpg","_links":{"self":[{"href":"https:\/\/informacionlocal.es\/de\/wp-json\/wp\/v2\/posts\/2250","targetHints":{"allow":["GET"]}}],"collection":[{"href":"https:\/\/informacionlocal.es\/de\/wp-json\/wp\/v2\/posts"}],"about":[{"href":"https:\/\/informacionlocal.es\/de\/wp-json\/wp\/v2\/types\/post"}],"author":[{"embeddable":true,"href":"https:\/\/informacionlocal.es\/de\/wp-json\/wp\/v2\/users\/1"}],"replies":[{"embeddable":true,"href":"https:\/\/informacionlocal.es\/de\/wp-json\/wp\/v2\/comments?post=2250"}],"version-history":[{"count":0,"href":"https:\/\/informacionlocal.es\/de\/wp-json\/wp\/v2\/posts\/2250\/revisions"}],"wp:featuredmedia":[{"embeddable":true,"href":"https:\/\/informacionlocal.es\/de\/wp-json\/wp\/v2\/media\/2229"}],"wp:attachment":[{"href":"https:\/\/informacionlocal.es\/de\/wp-json\/wp\/v2\/media?parent=2250"}],"wp:term":[{"taxonomy":"category","embeddable":true,"href":"https:\/\/informacionlocal.es\/de\/wp-json\/wp\/v2\/categories?post=2250"},{"taxonomy":"post_tag","embeddable":true,"href":"https:\/\/informacionlocal.es\/de\/wp-json\/wp\/v2\/tags?post=2250"}],"curies":[{"name":"wp","href":"https:\/\/api.w.org\/{rel}","templated":true}]}}