{"id":2208,"date":"2025-04-16T19:15:10","date_gmt":"2025-04-16T19:15:10","guid":{"rendered":"https:\/\/informacionlocal.es\/das-rathaus-von-pajara-investiert-mehr-als-45-000-euro-in-neues-material-fuer-die-feuerwehr-den-zivilschutz-und-die-straende\/"},"modified":"2025-04-16T19:15:10","modified_gmt":"2025-04-16T19:15:10","slug":"das-rathaus-von-pajara-investiert-mehr-als-45-000-euro-in-neues-material-fuer-die-feuerwehr-den-zivilschutz-und-die-straende","status":"publish","type":"post","link":"https:\/\/informacionlocal.es\/de\/das-rathaus-von-pajara-investiert-mehr-als-45-000-euro-in-neues-material-fuer-die-feuerwehr-den-zivilschutz-und-die-straende\/","title":{"rendered":"Das Rathaus von P\u00e1jara investiert mehr als 45.000 Euro in neues Material f\u00fcr die Feuerwehr, den Zivilschutz und die Str\u00e4nde."},"content":{"rendered":"<div class=\"entry-content\">\n<p><b><i>Die Investition umfasst sowohl Uniformteile als auch Werkzeuge.  <\/i><\/b><\/p>\n<p><span>Die Concejal\u00eda de Seguridad y Emergencias des Ayuntamiento de P\u00e1jara hat mehr als 45.000 Euro in Ausr\u00fcstung f\u00fcr die Abteilungen Brandbek\u00e4mpfung, Zivilschutz und Str\u00e4nde investiert, um deren Reaktionsf\u00e4higkeit und die Sicherheit des Personals in kritischen Situationen zu verbessern.<\/span><\/p>\n<p><span>Der Bezirksrat Raimundo Dacosta unterstreicht die Bedeutung dieser neuen Ausr\u00fcstung, die &#8222;den Fachleuten die notwendigen Mittel an die Hand gibt, um ihre Arbeit effizienter und sicherer auszuf\u00fchren&#8220;.  <\/span><\/p>\n<p><span>Zu den angeschafften Ausr\u00fcstungsgegenst\u00e4nden geh\u00f6ren Feuerwehrstiefel, -jacken und -hosen f\u00fcr die Waldbrandbek\u00e4mpfung, get\u00f6nte Schutzbrillen, Rettungshandschuhe, Helme mit Lampen und eine Mehrzweck-Motorpumpe f\u00fcr die Brandbek\u00e4mpfung. Au\u00dferdem wurden tragbare Mehrbereichsschaumger\u00e4te, Lenz- und Evakuierungspumpen mit Schwimmern und Feuerlanzen mit Ausl\u00f6sern angeschafft.   <\/span><\/p>\n<p><span>Dar\u00fcber hinaus hebt der Stadtrat die Anschaffung neuer Uniformen f\u00fcr die Feuerwehr, den Zivilschutz und das Strandpersonal hervor, die unter anderem &#8222;T-Shirts, Polohemden, atmungsaktive Hosen, zweifarbige Westen, M\u00fctzen, Jacken und Halsw\u00e4rmer&#8220; umfassen.  <\/span><\/p>\n<p><span>Mit dieser Investition bekr\u00e4ftigt das Konsistorium sein Engagement f\u00fcr die kontinuierliche Verbesserung der f\u00fcr die Sicherheit in der Gemeinde bereitgestellten Mittel, um eine schnelle und wirksame Reaktion auf jede Art von Notfall zu gew\u00e4hrleisten.<\/span><\/p>\n<div>Teilen Sie<\/div>\n<\/div>\n","protected":false},"excerpt":{"rendered":"<p><i>Die Investition umfasst sowohl Uniformteile als auch Werkzeuge.  <\/i><\/p>\n","protected":false},"author":1,"featured_media":2205,"comment_status":"open","ping_status":"open","sticky":false,"template":"","format":"standard","meta":{"inline_featured_image":false,"jnews-multi-image_gallery":[],"jnews_single_post":[],"jnews_primary_category":[],"jnews_social_meta":[],"jnews_override_counter":[],"jnews_post_split":[],"footnotes":""},"categories":[297],"tags":[314],"class_list":["post-2208","post","type-post","status-publish","format-standard","has-post-thumbnail","hentry","category-pajara-de","tag-sicherheit-und-notfalle"],"jetpack_featured_media_url":"https:\/\/informacionlocal.es\/wp-content\/uploads\/2025\/04\/seguridad-y-emergencias-1-e1744808038685.jpeg","_links":{"self":[{"href":"https:\/\/informacionlocal.es\/de\/wp-json\/wp\/v2\/posts\/2208","targetHints":{"allow":["GET"]}}],"collection":[{"href":"https:\/\/informacionlocal.es\/de\/wp-json\/wp\/v2\/posts"}],"about":[{"href":"https:\/\/informacionlocal.es\/de\/wp-json\/wp\/v2\/types\/post"}],"author":[{"embeddable":true,"href":"https:\/\/informacionlocal.es\/de\/wp-json\/wp\/v2\/users\/1"}],"replies":[{"embeddable":true,"href":"https:\/\/informacionlocal.es\/de\/wp-json\/wp\/v2\/comments?post=2208"}],"version-history":[{"count":0,"href":"https:\/\/informacionlocal.es\/de\/wp-json\/wp\/v2\/posts\/2208\/revisions"}],"wp:featuredmedia":[{"embeddable":true,"href":"https:\/\/informacionlocal.es\/de\/wp-json\/wp\/v2\/media\/2205"}],"wp:attachment":[{"href":"https:\/\/informacionlocal.es\/de\/wp-json\/wp\/v2\/media?parent=2208"}],"wp:term":[{"taxonomy":"category","embeddable":true,"href":"https:\/\/informacionlocal.es\/de\/wp-json\/wp\/v2\/categories?post=2208"},{"taxonomy":"post_tag","embeddable":true,"href":"https:\/\/informacionlocal.es\/de\/wp-json\/wp\/v2\/tags?post=2208"}],"curies":[{"name":"wp","href":"https:\/\/api.w.org\/{rel}","templated":true}]}}