{"id":2196,"date":"2025-04-16T19:13:18","date_gmt":"2025-04-16T19:13:18","guid":{"rendered":"https:\/\/informacionlocal.es\/tuineje-verbessert-den-zugang-zu-den-straenden-um-die-sicherheit-waehrend-der-osterwoche-zu-gewaehrleisten\/"},"modified":"2025-04-16T19:13:18","modified_gmt":"2025-04-16T19:13:18","slug":"tuineje-verbessert-den-zugang-zu-den-straenden-um-die-sicherheit-waehrend-der-osterwoche-zu-gewaehrleisten","status":"publish","type":"post","link":"https:\/\/informacionlocal.es\/de\/tuineje-verbessert-den-zugang-zu-den-straenden-um-die-sicherheit-waehrend-der-osterwoche-zu-gewaehrleisten\/","title":{"rendered":"Tuineje verbessert den Zugang zu den Str\u00e4nden, um die Sicherheit w\u00e4hrend der Osterwoche zu gew\u00e4hrleisten"},"content":{"rendered":"<div class=\"article-content-inner\">\n<p>Die Stadtverwaltung von Tuineje hat \u00fcber die Abteilung f\u00fcr Fahrzeugpark und in Zusammenarbeit mit dem Cabildo von Fuerteventura alle Wege und Schluchten, die zu den verschiedenen Str\u00e4nden der Gemeinde f\u00fchren, repariert und instand gesetzt. Mit dieser Ma\u00dfnahme wird der Notwendigkeit Rechnung getragen, die Sicherheit und Zug\u00e4nglichkeit dieser Wege angesichts des erh\u00f6hten Besucheraufkommens in der Osterwoche zu verbessern. <\/p>\n<p>Die Arbeiten umfassten die Nivellierung, Reinigung, Verdichtung und Verbesserung des Stra\u00dfenbelags in verschiedenen Zufahrtsabschnitten mit dem Ziel, die Durchfahrt sowohl f\u00fcr Anwohner als auch f\u00fcr Touristen zu erleichtern, die an diesen Tagen in die K\u00fcstengebiete von Tuineje reisen.<\/p>\n<p>Der Stadtrat f\u00fcr Fahrzeugpark, Jonathan Pe\u00f1a, betonte, dass &#8222;diese Ma\u00dfnahmen Teil unseres Engagements f\u00fcr die Instandhaltung der l\u00e4ndlichen Infrastrukturen der Gemeinde sind. Mit der Unterst\u00fctzung des Cabildo ist es uns gelungen, diese Stra\u00dfen erheblich zu verbessern, so dass Bewohner und Besucher unsere Str\u00e4nde sicherer genie\u00dfen k\u00f6nnen&#8220;.<\/p>\n<p>Die B\u00fcrgermeisterin von Tuineje, Candelaria Umpi\u00e9rrez, dankte ihrerseits allen beteiligten Institutionen f\u00fcr ihr Engagement und betonte, dass &#8222;wir koordiniert arbeiten, damit die Gemeinde auf wichtige Termine wie Ostern vorbereitet ist. Wir wollen, dass sich sowohl die lokale Bev\u00f6lkerung als auch die Besucher in unseren Naturgebieten sicher und willkommen f\u00fchlen.<\/p>\n<p>Der Stadtrat erinnert alle daran, wie wichtig es ist, die Umwelt zu respektieren und die Sicherheitshinweise zu befolgen, wenn man unterwegs ist, und w\u00fcnscht allen ein frohes und sicheres Osterfest.<\/p>\n<\/div>\n","protected":false},"excerpt":{"rendered":"<p>Die Stadtverwaltung von Tuineje hat \u00fcber die Abteilung f\u00fcr Fahrzeugpark und in Zusammenarbeit mit dem Cabildo von Fuerteventura alle Wege und Schluchten, die zu den verschiedenen Str\u00e4nden der Gemeinde f\u00fchren, [&hellip;]<\/p>\n","protected":false},"author":1,"featured_media":2193,"comment_status":"open","ping_status":"open","sticky":false,"template":"","format":"standard","meta":{"inline_featured_image":false,"jnews-multi-image_gallery":[],"jnews_single_post":[],"jnews_primary_category":[],"jnews_social_meta":[],"jnews_override_counter":[],"jnews_post_split":[],"footnotes":""},"categories":[299],"tags":[216],"class_list":["post-2196","post","type-post","status-publish","format-standard","has-post-thumbnail","hentry","category-tuineje-de","tag-fuerteventura-de"],"jetpack_featured_media_url":"https:\/\/informacionlocal.es\/wp-content\/uploads\/2025\/04\/parque-movil1.jpeg","_links":{"self":[{"href":"https:\/\/informacionlocal.es\/de\/wp-json\/wp\/v2\/posts\/2196","targetHints":{"allow":["GET"]}}],"collection":[{"href":"https:\/\/informacionlocal.es\/de\/wp-json\/wp\/v2\/posts"}],"about":[{"href":"https:\/\/informacionlocal.es\/de\/wp-json\/wp\/v2\/types\/post"}],"author":[{"embeddable":true,"href":"https:\/\/informacionlocal.es\/de\/wp-json\/wp\/v2\/users\/1"}],"replies":[{"embeddable":true,"href":"https:\/\/informacionlocal.es\/de\/wp-json\/wp\/v2\/comments?post=2196"}],"version-history":[{"count":0,"href":"https:\/\/informacionlocal.es\/de\/wp-json\/wp\/v2\/posts\/2196\/revisions"}],"wp:featuredmedia":[{"embeddable":true,"href":"https:\/\/informacionlocal.es\/de\/wp-json\/wp\/v2\/media\/2193"}],"wp:attachment":[{"href":"https:\/\/informacionlocal.es\/de\/wp-json\/wp\/v2\/media?parent=2196"}],"wp:term":[{"taxonomy":"category","embeddable":true,"href":"https:\/\/informacionlocal.es\/de\/wp-json\/wp\/v2\/categories?post=2196"},{"taxonomy":"post_tag","embeddable":true,"href":"https:\/\/informacionlocal.es\/de\/wp-json\/wp\/v2\/tags?post=2196"}],"curies":[{"name":"wp","href":"https:\/\/api.w.org\/{rel}","templated":true}]}}