{"id":2175,"date":"2025-04-16T14:02:58","date_gmt":"2025-04-16T14:02:58","guid":{"rendered":"https:\/\/informacionlocal.es\/brumas-cabras-la-isla-die-neue-ausstellung-von-alfonso-s-pachilin-in-der-casa-de-la-cultura-von-puerto-del-rosario\/"},"modified":"2025-04-16T14:02:58","modified_gmt":"2025-04-16T14:02:58","slug":"brumas-cabras-la-isla-die-neue-ausstellung-von-alfonso-s-pachilin-in-der-casa-de-la-cultura-von-puerto-del-rosario","status":"publish","type":"post","link":"https:\/\/informacionlocal.es\/de\/brumas-cabras-la-isla-die-neue-ausstellung-von-alfonso-s-pachilin-in-der-casa-de-la-cultura-von-puerto-del-rosario\/","title":{"rendered":"Brumas, Cabras, la Isla, die neue Ausstellung von Alfonso S. Pachil\u00edn in der Casa de la Cultura von Puerto del Rosario."},"content":{"rendered":"<div class=\"entry-content\">\n<p>Am Dienstagnachmittag, 15. April, wurde die Ausstellung &#8222;Brumas, Cabras, la Isla&#8220; des K\u00fcnstlers Alfonso S. Pachil\u00edn in der Casa de la Cultura in Puerto del Rosario er\u00f6ffnet.<\/p>\n<p>Die Ausstellung ist noch bis zum 13. Mai zu besichtigen. Mit einem lebendigen, freien und tief emotionalen Stil pr\u00e4sentiert Pachil\u00edn eine Kollektion, die die Seele Fuerteventuras durch die magische Verschmelzung von Nebel, Dunst und Ziegen, den ewigen Ikonen der Insel, heraufbeschw\u00f6rt. Die in Aquarelltechnik ausgearbeiteten Werke sind aus einer tiefen Kontemplation der Landschaft Fuerteventuras entstanden und vermitteln Zust\u00e4nde der Ruhe, Pr\u00e4senz und inneren Verbundenheit.  <\/p>\n<p>Die Ausstellung l\u00e4dt uns ein, ein anderes Fuerteventura zu betreten: den S\u00fcden der Insel, der in tief h\u00e4ngende Wolken geh\u00fcllt ist und von Guan-Ziegen durchquert wird, die aus einer traumhaften Tr\u00e4umerei aufzutauchen scheinen. Pachil\u00edns Gem\u00e4lde, von denen viele eine \u00c4sthetik des magischen Surrealismus aufweisen, spiegeln nicht nur die Essenz der Landschaft wider, sondern auch eine emotionale Reise, die sich mit der Gelassenheit und der Introspektion des Betrachters verbindet. Pachil\u00edns Kunst erlaubt es uns, Fuerteventura aus einem anderen Blickwinkel zu betrachten, einem intimeren, spirituelleren.  <\/p>\n<p>Diese Ausstellung ist eine Hommage an unsere Identit\u00e4t, unsere Landschaften und die Emotionen, die sie hervorrufen.<\/p>\n<p><strong>B\u00fcrgermeister David de Vera<\/strong> erkl\u00e4rte, dass &#8222;wir weiterhin die Welt der Kultur in all ihren Aspekten unterst\u00fctzen, damit K\u00fcnstler und Publikum jeden Alters ihre Kunst zeigen und am kulturellen Leben der Gemeinde teilnehmen k\u00f6nnen&#8220;.<\/p>\n<p>Das Kulturministerium l\u00e4dt alle Einwohner und Kunstliebhaber ein, diese visuelle Erfahrung zu genie\u00dfen, die uns wieder mit dem Wesentlichen verbindet&#8220;, so <strong>Juan Manuel Verdugo, Beigeordneter f\u00fcr Kultur des Stadtrats der Hauptstadt. <\/strong> <\/p>\n<p>Der K\u00fcnstler, der k\u00fcrzlich mit dem AnimArte-Kollektiv im Rahmen des Ausstellungsprojekts PERIPLO ausgestellt hat, setzt seine Karriere sowohl innerhalb als auch au\u00dferhalb des Archipels fort. Seine Aquarelle haben die Kanarischen Inseln bei internationalen Veranstaltungen wie der Triennale der Aquarelle von Santa Marta (Kolumbien) und dem Treffen &#8222;Fabriano in acquarello&#8220; in Italien und den Vereinigten Staaten vertreten. Durch Transparenz, Farbe und visuelle Poesie bietet Pachil\u00edn einen einzigartigen Blick auf die Insel, die er seit mehr als zwei Jahrzehnten bewohnt.  <\/p>\n<p>In seinen eigenen Worten: &#8222;Jede Ziege, die in meinen Werken auftaucht, symbolisiert die pers\u00f6nliche Autonomie und die intime Kraft, die wir alle in uns tragen. Diese Ausstellung ist eine Einladung zum Nachdenken, zum Atmen&#8230; und zum F\u00fchlen&#8220;.<\/p>\n<p>Das Rathaus von Puerto del Rosario l\u00e4dt im Namen des K\u00fcnstlers selbst die \u00d6ffentlichkeit ein, diese Ausstellung nicht zu verpassen, die uns durch die Kunst an die stille Sch\u00f6nheit unseres Majorero-Landes erinnert. Die Er\u00f6ffnungsveranstaltung war eine Gelegenheit, mit dem Autor seinen kreativen Prozess zu teilen und sich von den Nebeln des Aquarells einh\u00fcllen zu lassen. <\/p>\n<p>Die Ausstellung ist vom 15. April bis zum 13. Mai montags bis freitags von 10 bis 13 Uhr und von 17 bis 20 Uhr f\u00fcr die \u00d6ffentlichkeit zug\u00e4nglich und bietet Einwohnern und Besuchern ein visuelles Angebot, das zum Nachdenken \u00fcber Identit\u00e4t, kulturelle Vermischung und Reisen als transformative Erfahrung einl\u00e4dt.<\/p>\n<\/div>\n","protected":false},"excerpt":{"rendered":"<p>Am Dienstagnachmittag, 15. April, wurde die Ausstellung &#8222;Brumas, Cabras, la Isla&#8220; des K\u00fcnstlers Alfonso S. Pachil\u00edn in der Casa de la Cultura in Puerto del Rosario er\u00f6ffnet. Die Ausstellung ist [&hellip;]<\/p>\n","protected":false},"author":1,"featured_media":2169,"comment_status":"open","ping_status":"open","sticky":false,"template":"","format":"standard","meta":{"inline_featured_image":false,"jnews-multi-image_gallery":[],"jnews_single_post":[],"jnews_primary_category":[],"jnews_social_meta":[],"jnews_override_counter":[],"jnews_post_split":[],"footnotes":""},"categories":[293],"tags":[216],"class_list":["post-2175","post","type-post","status-publish","format-standard","has-post-thumbnail","hentry","category-puerto-del-rosario-de","tag-fuerteventura-de"],"jetpack_featured_media_url":"https:\/\/informacionlocal.es\/wp-content\/uploads\/2025\/04\/expo-titu-pachiin-0425-publico-esquina.jpg","_links":{"self":[{"href":"https:\/\/informacionlocal.es\/de\/wp-json\/wp\/v2\/posts\/2175","targetHints":{"allow":["GET"]}}],"collection":[{"href":"https:\/\/informacionlocal.es\/de\/wp-json\/wp\/v2\/posts"}],"about":[{"href":"https:\/\/informacionlocal.es\/de\/wp-json\/wp\/v2\/types\/post"}],"author":[{"embeddable":true,"href":"https:\/\/informacionlocal.es\/de\/wp-json\/wp\/v2\/users\/1"}],"replies":[{"embeddable":true,"href":"https:\/\/informacionlocal.es\/de\/wp-json\/wp\/v2\/comments?post=2175"}],"version-history":[{"count":0,"href":"https:\/\/informacionlocal.es\/de\/wp-json\/wp\/v2\/posts\/2175\/revisions"}],"wp:featuredmedia":[{"embeddable":true,"href":"https:\/\/informacionlocal.es\/de\/wp-json\/wp\/v2\/media\/2169"}],"wp:attachment":[{"href":"https:\/\/informacionlocal.es\/de\/wp-json\/wp\/v2\/media?parent=2175"}],"wp:term":[{"taxonomy":"category","embeddable":true,"href":"https:\/\/informacionlocal.es\/de\/wp-json\/wp\/v2\/categories?post=2175"},{"taxonomy":"post_tag","embeddable":true,"href":"https:\/\/informacionlocal.es\/de\/wp-json\/wp\/v2\/tags?post=2175"}],"curies":[{"name":"wp","href":"https:\/\/api.w.org\/{rel}","templated":true}]}}