{"id":2154,"date":"2025-04-16T13:12:13","date_gmt":"2025-04-16T13:12:13","guid":{"rendered":"https:\/\/informacionlocal.es\/die-oertliche-polizei-von-puerto-del-rosario-nimmt-einen-mann-wegen-eines-mutmasslichen-verbrechens-der-geschlechtsspezifischen-gewalt-fest\/"},"modified":"2025-04-16T13:12:13","modified_gmt":"2025-04-16T13:12:13","slug":"die-oertliche-polizei-von-puerto-del-rosario-nimmt-einen-mann-wegen-eines-mutmasslichen-verbrechens-der-geschlechtsspezifischen-gewalt-fest","status":"publish","type":"post","link":"https:\/\/informacionlocal.es\/de\/die-oertliche-polizei-von-puerto-del-rosario-nimmt-einen-mann-wegen-eines-mutmasslichen-verbrechens-der-geschlechtsspezifischen-gewalt-fest\/","title":{"rendered":"Die \u00f6rtliche Polizei von Puerto del Rosario nimmt einen Mann wegen eines mutma\u00dflichen Verbrechens der geschlechtsspezifischen Gewalt fest."},"content":{"rendered":"<div class=\"entry-content\">\n<p>In den Nachmittagsstunden des Dienstag, 15. April 2025, ging bei der \u00f6rtlichen Polizeizentrale in Puerto del Rosario eine Warnung vom CECOE 112-Raum ein, in der von einem Angriff auf eine Frau durch ihren Partner in einem Haus in der Urbanisation &#8222;Los Rosales&#8220; in Puerto del Rosario die Rede war.<\/p>\n<p>Die Beamten der Ortspolizei von Puerto del Rosario, die vor Ort waren, konnten feststellen, dass das Opfer, eine 38-j\u00e4hrige Frau, mehrere Schnittwunden am K\u00f6rper hatte und blutete. Die Beamten halfen ihr, w\u00e4hrend der Rettungsdienst des Kanarischen Notdienstes (SUC) aktiviert wurde, der das Opfer versorgte und in die Notaufnahme des Allgemeinen Krankenhauses von Fuerteventura brachte, wo sie zur Behandlung der Verletzungen, die ihr Partner ihr mit einem Messer zugef\u00fcgt hatte, eingeliefert wurde.<\/p>\n<p>Der mutma\u00dfliche T\u00e4ter, ein 41-j\u00e4hriger Mann, der sich in der Wohnung der Familie aufhielt, wurde von den \u00f6rtlichen Polizeibeamten verhaftet und der Justizbeh\u00f6rde wegen eines mutma\u00dflichen Verbrechens der geschlechtsspezifischen Gewalt im famili\u00e4ren Umfeld zur Verf\u00fcgung gestellt, wobei auch das Messer, mit dem er seiner Partnerin die Verletzungen zugef\u00fcgt hatte, gefunden wurde, das zusammen mit dem entsprechenden Verfahren dem Dienstgericht von Puerto del Rosario \u00fcbergeben wurde.<\/p>\n<\/div>\n","protected":false},"excerpt":{"rendered":"<p>In den Nachmittagsstunden des Dienstag, 15. April 2025, ging bei der \u00f6rtlichen Polizeizentrale in Puerto del Rosario eine Warnung vom CECOE 112-Raum ein, in der von einem Angriff auf eine [&hellip;]<\/p>\n","protected":false},"author":1,"featured_media":2151,"comment_status":"open","ping_status":"open","sticky":false,"template":"","format":"standard","meta":{"inline_featured_image":false,"jnews-multi-image_gallery":[],"jnews_single_post":[],"jnews_primary_category":[],"jnews_social_meta":[],"jnews_override_counter":[],"jnews_post_split":[],"footnotes":""},"categories":[293],"tags":[216],"class_list":["post-2154","post","type-post","status-publish","format-standard","has-post-thumbnail","hentry","category-puerto-del-rosario-de","tag-fuerteventura-de"],"jetpack_featured_media_url":"https:\/\/informacionlocal.es\/wp-content\/uploads\/2025\/04\/policia-local-titu-violencia-g-vehiculo-y-ayto.jpg","_links":{"self":[{"href":"https:\/\/informacionlocal.es\/de\/wp-json\/wp\/v2\/posts\/2154","targetHints":{"allow":["GET"]}}],"collection":[{"href":"https:\/\/informacionlocal.es\/de\/wp-json\/wp\/v2\/posts"}],"about":[{"href":"https:\/\/informacionlocal.es\/de\/wp-json\/wp\/v2\/types\/post"}],"author":[{"embeddable":true,"href":"https:\/\/informacionlocal.es\/de\/wp-json\/wp\/v2\/users\/1"}],"replies":[{"embeddable":true,"href":"https:\/\/informacionlocal.es\/de\/wp-json\/wp\/v2\/comments?post=2154"}],"version-history":[{"count":0,"href":"https:\/\/informacionlocal.es\/de\/wp-json\/wp\/v2\/posts\/2154\/revisions"}],"wp:featuredmedia":[{"embeddable":true,"href":"https:\/\/informacionlocal.es\/de\/wp-json\/wp\/v2\/media\/2151"}],"wp:attachment":[{"href":"https:\/\/informacionlocal.es\/de\/wp-json\/wp\/v2\/media?parent=2154"}],"wp:term":[{"taxonomy":"category","embeddable":true,"href":"https:\/\/informacionlocal.es\/de\/wp-json\/wp\/v2\/categories?post=2154"},{"taxonomy":"post_tag","embeddable":true,"href":"https:\/\/informacionlocal.es\/de\/wp-json\/wp\/v2\/tags?post=2154"}],"curies":[{"name":"wp","href":"https:\/\/api.w.org\/{rel}","templated":true}]}}