{"id":2130,"date":"2025-04-16T08:12:53","date_gmt":"2025-04-16T08:12:53","guid":{"rendered":"https:\/\/informacionlocal.es\/pajara-wuerdigt-die-bemuehungen-junger-karateka-die-den-schwarzen-guertel-erlangen\/"},"modified":"2025-04-16T08:12:53","modified_gmt":"2025-04-16T08:12:53","slug":"pajara-wuerdigt-die-bemuehungen-junger-karateka-die-den-schwarzen-guertel-erlangen","status":"publish","type":"post","link":"https:\/\/informacionlocal.es\/de\/pajara-wuerdigt-die-bemuehungen-junger-karateka-die-den-schwarzen-guertel-erlangen\/","title":{"rendered":"P\u00e1jara w\u00fcrdigt die Bem\u00fchungen junger Karateka, die den schwarzen G\u00fcrtel erlangen."},"content":{"rendered":"<div class=\"entry-content\">\n<p><span>Die Sportabteilung des Rathauses von P\u00e1jara nahm heute an der offiziellen Verleihung der Karateg\u00fcrtel an die Sch\u00fcler des CAM El Jable teil, die nach jahrelangem Training diese Stufe erreicht haben. Die Veranstaltung fand in der Karate-Halle auf dem Campo de Lucha de Morro Jable statt. <\/span><\/p>\n<p><span>An der Veranstaltung nahm auch der Stadtrat f\u00fcr Sport, Jos\u00e9 Benito Alonso, teil, der die Sch\u00fcler begleiten wollte und f\u00fcr die \u00dcbergabe der Diplome zust\u00e4ndig war.  <\/span><\/p>\n<p><span>Der Stadtrat hob den Einsatz, die Ausdauer und die Disziplin hervor, die dieser Sport vermittelt. &#8222;Dies sind grundlegende Werte f\u00fcr die pers\u00f6nliche und sportliche Entwicklung unserer jungen Menschen&#8220;, sagte er und bekr\u00e4ftigte das Engagement des Stadtrats f\u00fcr die F\u00f6rderung des Breitensports und die Unterst\u00fctzung von Disziplinen, die zur ganzheitlichen Entwicklung junger Menschen beitragen.   <\/span><\/p>\n<p><span>Bei dieser Gelegenheit haben vier junge Athleten den schwarzen G\u00fcrtel erlangt, was den H\u00f6hepunkt einer Phase der Nachfrage und des Engagements f\u00fcr Karate darstellt. Das Rathaus von P\u00e1jara m\u00f6chte Athenea Garc\u00eda, Luc\u00eda Barry, Helena Lorenzo und Carlos Fonseca zu diesem wichtigen sportlichen Verdienst gratulieren.   <\/span><\/p>\n<\/p>\n<div>Teilen Sie<\/div>\n<\/div>\n","protected":false},"excerpt":{"rendered":"<p>Die Sportabteilung des Rathauses von P\u00e1jara nahm heute an der offiziellen Verleihung der Karateg\u00fcrtel an die Sch\u00fcler des CAM El Jable teil, die nach jahrelangem Training diese Stufe erreicht haben. [&hellip;]<\/p>\n","protected":false},"author":1,"featured_media":2127,"comment_status":"open","ping_status":"open","sticky":false,"template":"","format":"standard","meta":{"inline_featured_image":false,"jnews-multi-image_gallery":[],"jnews_single_post":[],"jnews_primary_category":[],"jnews_social_meta":[],"jnews_override_counter":[],"jnews_post_split":[],"footnotes":""},"categories":[297],"tags":[],"class_list":["post-2130","post","type-post","status-publish","format-standard","has-post-thumbnail","hentry","category-pajara-de"],"jetpack_featured_media_url":"https:\/\/informacionlocal.es\/wp-content\/uploads\/2025\/04\/karate-e1744727013319.png","_links":{"self":[{"href":"https:\/\/informacionlocal.es\/de\/wp-json\/wp\/v2\/posts\/2130","targetHints":{"allow":["GET"]}}],"collection":[{"href":"https:\/\/informacionlocal.es\/de\/wp-json\/wp\/v2\/posts"}],"about":[{"href":"https:\/\/informacionlocal.es\/de\/wp-json\/wp\/v2\/types\/post"}],"author":[{"embeddable":true,"href":"https:\/\/informacionlocal.es\/de\/wp-json\/wp\/v2\/users\/1"}],"replies":[{"embeddable":true,"href":"https:\/\/informacionlocal.es\/de\/wp-json\/wp\/v2\/comments?post=2130"}],"version-history":[{"count":0,"href":"https:\/\/informacionlocal.es\/de\/wp-json\/wp\/v2\/posts\/2130\/revisions"}],"wp:featuredmedia":[{"embeddable":true,"href":"https:\/\/informacionlocal.es\/de\/wp-json\/wp\/v2\/media\/2127"}],"wp:attachment":[{"href":"https:\/\/informacionlocal.es\/de\/wp-json\/wp\/v2\/media?parent=2130"}],"wp:term":[{"taxonomy":"category","embeddable":true,"href":"https:\/\/informacionlocal.es\/de\/wp-json\/wp\/v2\/categories?post=2130"},{"taxonomy":"post_tag","embeddable":true,"href":"https:\/\/informacionlocal.es\/de\/wp-json\/wp\/v2\/tags?post=2130"}],"curies":[{"name":"wp","href":"https:\/\/api.w.org\/{rel}","templated":true}]}}