{"id":2118,"date":"2025-04-16T07:56:16","date_gmt":"2025-04-16T07:56:16","guid":{"rendered":"https:\/\/informacionlocal.es\/das-rathaus-von-pajara-feiert-den-tag-des-buches-mit-einer-woche-voller-literatur-musik-und-kultur\/"},"modified":"2025-04-16T07:56:16","modified_gmt":"2025-04-16T07:56:16","slug":"das-rathaus-von-pajara-feiert-den-tag-des-buches-mit-einer-woche-voller-literatur-musik-und-kultur","status":"publish","type":"post","link":"https:\/\/informacionlocal.es\/de\/das-rathaus-von-pajara-feiert-den-tag-des-buches-mit-einer-woche-voller-literatur-musik-und-kultur\/","title":{"rendered":"Das Rathaus von P\u00e1jara feiert den Tag des Buches mit einer Woche voller Literatur, Musik und Kultur"},"content":{"rendered":"<div class=\"entry-content\">\n<p><span> <\/span><b><i>Vom 23. bis 26. April k\u00f6nnen Einwohner und Besucher ein breites Spektrum an Aktivit\u00e4ten f\u00fcr alle Altersgruppen genie\u00dfen.<\/i><\/b><\/p>\n<p><span>Das Rathaus von P\u00e1jara feiert den Internationalen Tag des Buches \u00fcber die Kulturabteilung mit einem besonderen Programm unter dem Titel &#8222;Entre letras y m\u00fasica 2025&#8220;, das vom 23. bis 26. April an verschiedenen Orten der Gemeinde stattfinden wird. Diese kulturelle Initiative umfasst ein breites Spektrum an literarischen Aktivit\u00e4ten, die sich an alle Zielgruppen richten. <\/span><\/p>\n<p><span>Die Stadtr\u00e4tin f\u00fcr Kultur, Raquel Acosta, weist darauf hin, dass es sich um einen Vorschlag handelt, der mit der Absicht geboren wurde, Literatur in alle Ecken der Gemeinde zu bringen und &#8222;Begegnungsr\u00e4ume rund um B\u00fccher, Worte und Musik zu schaffen&#8220;. Dar\u00fcber hinaus betont die Stadtr\u00e4tin, dass &#8222;w\u00e4hrend dieser Woche Einwohner und Besucher unter anderem Workshops zur Figurenerstellung, Zehner-Workshops, Geschichtenerz\u00e4hlen, Treffen mit Autoren und musikalische Darbietungen genie\u00dfen k\u00f6nnen&#8220;.   <\/span><\/p>\n<p><span>Die D\u00e9cima-Workshops, die sich an Personen ab 12 Jahren richten, bieten die M\u00f6glichkeit, diese traditionelle Form der improvisierten Poesie kennenzulernen und zu praktizieren. Die Pl\u00e4tze sind begrenzt, daher sollten sich Interessierte vorab \u00fcber die Kan\u00e4le des Kulturministeriums anmelden.   <\/span><\/p>\n<p><span>Die Stadtr\u00e4tin betonte auch, dass der Stadtrat weiterhin daran arbeiten wird, Kultur zug\u00e4nglich, partizipativ und vielf\u00e4ltig zu machen. &#8222;Aktivit\u00e4ten wie diese beleben nicht nur unsere St\u00e4dte, sondern st\u00e4rken auch das soziale Gef\u00fcge, f\u00f6rdern Talente und schaffen neue M\u00f6glichkeiten f\u00fcr die B\u00fcrger&#8220;.   <\/span><\/p>\n<p><span>Die Er\u00f6ffnung der Buchmesse findet am Freitag, den 25. April um 11.00 Uhr im unteren Teil der Plaza de los Pescadores in Morro Jable statt. Den ganzen Tag \u00fcber finden verschiedene Aktivit\u00e4ten statt, darunter Buchlesungen, literarische Pr\u00e4sentationen, kulturelle Darbietungen und Workshops. Zum Abschluss findet am Samstag, den 26. April um 20.00 Uhr die Pr\u00e4sentation des Musik- und Literaturprojekts IV Edition &#8218;El Poder de la D\u00e9cima Espinela&#8216; des Schriftstellers Emilio Fern\u00e1ndez statt, an der verschiedene kanarische Dichter teilnehmen werden.  <\/span><\/p>\n<p><img loading=\"lazy\" decoding=\"async\" loading=\"lazy\" class=\"alignnone size-medium wp-image-20049\" src=\"https:\/\/informacionlocal.es\/wp-content\/uploads\/2025\/04\/feria-del-libro-300x212-1.jpeg\" width=\"300\" height=\"212\" title=\"feria-del-libro-300x212-1\"><img loading=\"lazy\" decoding=\"async\" loading=\"lazy\" class=\"alignnone size-medium wp-image-20048\" src=\"https:\/\/informacionlocal.es\/wp-content\/uploads\/2025\/04\/feria-del-libro-1-300x212-1.jpeg\" width=\"300\" height=\"212\" title=\"feria-del-libro-1-300x212-1\"><\/p>\n<div>Teilen Sie<\/div>\n<\/div>\n","protected":false},"excerpt":{"rendered":"<p><i>Vom 23. bis 26. April k\u00f6nnen Einwohner und Besucher ein breites Spektrum an Aktivit\u00e4ten f\u00fcr alle Altersgruppen genie\u00dfen.<\/i><\/p>\n","protected":false},"author":1,"featured_media":2107,"comment_status":"open","ping_status":"open","sticky":false,"template":"","format":"standard","meta":{"inline_featured_image":false,"jnews-multi-image_gallery":[],"jnews_single_post":[],"jnews_primary_category":[],"jnews_social_meta":[],"jnews_override_counter":[],"jnews_post_split":[],"footnotes":""},"categories":[297],"tags":[],"class_list":["post-2118","post","type-post","status-publish","format-standard","has-post-thumbnail","hentry","category-pajara-de"],"jetpack_featured_media_url":"https:\/\/informacionlocal.es\/wp-content\/uploads\/2025\/04\/feria-del-libro.jpeg","_links":{"self":[{"href":"https:\/\/informacionlocal.es\/de\/wp-json\/wp\/v2\/posts\/2118","targetHints":{"allow":["GET"]}}],"collection":[{"href":"https:\/\/informacionlocal.es\/de\/wp-json\/wp\/v2\/posts"}],"about":[{"href":"https:\/\/informacionlocal.es\/de\/wp-json\/wp\/v2\/types\/post"}],"author":[{"embeddable":true,"href":"https:\/\/informacionlocal.es\/de\/wp-json\/wp\/v2\/users\/1"}],"replies":[{"embeddable":true,"href":"https:\/\/informacionlocal.es\/de\/wp-json\/wp\/v2\/comments?post=2118"}],"version-history":[{"count":0,"href":"https:\/\/informacionlocal.es\/de\/wp-json\/wp\/v2\/posts\/2118\/revisions"}],"wp:featuredmedia":[{"embeddable":true,"href":"https:\/\/informacionlocal.es\/de\/wp-json\/wp\/v2\/media\/2107"}],"wp:attachment":[{"href":"https:\/\/informacionlocal.es\/de\/wp-json\/wp\/v2\/media?parent=2118"}],"wp:term":[{"taxonomy":"category","embeddable":true,"href":"https:\/\/informacionlocal.es\/de\/wp-json\/wp\/v2\/categories?post=2118"},{"taxonomy":"post_tag","embeddable":true,"href":"https:\/\/informacionlocal.es\/de\/wp-json\/wp\/v2\/tags?post=2118"}],"curies":[{"name":"wp","href":"https:\/\/api.w.org\/{rel}","templated":true}]}}