{"id":2086,"date":"2025-04-15T22:05:19","date_gmt":"2025-04-15T22:05:19","guid":{"rendered":"https:\/\/informacionlocal.es\/die-insulare-handwerksmesse-nimmt-in-jedem-der-auf-dem-platz-von-antigua-aufgestellten-holzbuden-gestalt-an\/"},"modified":"2025-04-15T22:05:19","modified_gmt":"2025-04-15T22:05:19","slug":"die-insulare-handwerksmesse-nimmt-in-jedem-der-auf-dem-platz-von-antigua-aufgestellten-holzbuden-gestalt-an","status":"publish","type":"post","link":"https:\/\/informacionlocal.es\/de\/die-insulare-handwerksmesse-nimmt-in-jedem-der-auf-dem-platz-von-antigua-aufgestellten-holzbuden-gestalt-an\/","title":{"rendered":"Die insulare Handwerksmesse nimmt in jedem der auf dem Platz von Antigua aufgestellten Holzbuden Gestalt an."},"content":{"rendered":"<div class=\"elementor-widget-container\">\n<p><strong>Die insulare Handwerksmesse nimmt in jedem der auf dem Platz von Antigua aufgestellten Holzbuden Gestalt an.<\/strong><\/p>\n<p><strong>&#8211; Nerven und viele Stunden f\u00fcr die Vorbereitung der neuen Ausgabe der Insular Crafts Fair.  <\/strong><br \/><strong>&#8211; Von Donnerstag, dem 1. bis Sonntag, dem 5. Mai wird Antigua wieder zur Heimat des Kunsthandwerks.<\/strong><\/p>\n<p>Die Arbeit l\u00e4uft schon seit Monaten, aber in den letzten Wochen ist der organisatorische Motor immer am st\u00e4rksten, sagt der Stadtrat f\u00fcr Kultur, Jonathan Pe\u00f1a, der am Dienstagmorgen zusammen mit dem B\u00fcrgermeister von Antigua, Mat\u00edas Pe\u00f1a, die Montage der Bretter, D\u00e4cher, St\u00e4nder und Kabel \u00fcberpr\u00fcft hat, die die fast 200 Kunsthandwerksst\u00e4nde bilden, die die Protagonisten der sechsunddrei\u00dfigsten Ausgabe der Inselmesse f\u00fcr Kunsthandwerk vom 1. bis 5. Mai sein werden.<\/p>\n<p>Der B\u00fcrgermeister unterstreicht die Anstrengungen, die alle Teams unternommen haben, um den Platz und die angrenzenden Stra\u00dfen vorzubereiten, die St\u00e4nde, Zelte und B\u00fchnen aufzustellen, die Netzanschl\u00fcsse vorzubereiten und alle Probleme zu l\u00f6sen, die auftreten k\u00f6nnen, um die Kunsthandwerker und Kunsthandwerkerinnen von allen Kanarischen Inseln zu empfangen, die uns am ersten Maiwochenende besuchen, als ob es ihre Heimat w\u00e4re.<\/p>\n<p>Antigua, sein Platz und seine Stra\u00dfen, sind als Veranstaltungsort f\u00fcr eine insulare Handwerksmesse mit regionalem Charakter best\u00e4tigt worden, die Kunsthandwerker aus dem gesamten Archipel umfasst und auch die R\u00e4umlichkeiten mit neuen Zelten f\u00fcr Institutionen, Auff\u00fchrungen, Restaurants und einem gr\u00f6\u00dferen Bereich f\u00fcr den Lebensmittelmarkt mit Produkten, die am Kilometer Null gesammelt und hergestellt werden, erweitert.<\/p>\n<p>Die Organisation der Insular Crafts Fair, das Rathaus von Antigua und die Mafasca Collective Foundation koordinieren die Unterbringung und Verpflegung der teilnehmenden Kunsthandwerker sowie die Erleichterung ihrer Anreise, um ihnen den Aufenthalt so angenehm wie m\u00f6glich zu gestalten. Der B\u00fcrgermeister f\u00fcgt hinzu, dass wir, um ihre Arbeit lohnenswert zu machen, Parkpl\u00e4tze f\u00fcr die Bequemlichkeit der Besucher aus der ganzen Insel zur Verf\u00fcgung stellen und die Anreise aus den wichtigsten Touristenorten informieren und erleichtern werden.<\/p>\n<\/div>\n","protected":false},"excerpt":{"rendered":"<p><strong>Die insulare Handwerksmesse nimmt in jedem der auf dem Platz von Antigua aufgestellten Holzbuden Gestalt an.<\/strong><\/p>\n","protected":false},"author":1,"featured_media":2083,"comment_status":"open","ping_status":"open","sticky":false,"template":"","format":"standard","meta":{"inline_featured_image":false,"jnews-multi-image_gallery":[],"jnews_single_post":[],"jnews_primary_category":[],"jnews_social_meta":[],"jnews_override_counter":[],"jnews_post_split":[],"footnotes":""},"categories":[283],"tags":[],"class_list":["post-2086","post","type-post","status-publish","format-standard","has-post-thumbnail","hentry","category-antigua-de"],"jetpack_featured_media_url":"https:\/\/informacionlocal.es\/wp-content\/uploads\/2025\/04\/montaje-stands-feria-insular-de-artesania-25-1-scaled-1.jpg","_links":{"self":[{"href":"https:\/\/informacionlocal.es\/de\/wp-json\/wp\/v2\/posts\/2086","targetHints":{"allow":["GET"]}}],"collection":[{"href":"https:\/\/informacionlocal.es\/de\/wp-json\/wp\/v2\/posts"}],"about":[{"href":"https:\/\/informacionlocal.es\/de\/wp-json\/wp\/v2\/types\/post"}],"author":[{"embeddable":true,"href":"https:\/\/informacionlocal.es\/de\/wp-json\/wp\/v2\/users\/1"}],"replies":[{"embeddable":true,"href":"https:\/\/informacionlocal.es\/de\/wp-json\/wp\/v2\/comments?post=2086"}],"version-history":[{"count":0,"href":"https:\/\/informacionlocal.es\/de\/wp-json\/wp\/v2\/posts\/2086\/revisions"}],"wp:featuredmedia":[{"embeddable":true,"href":"https:\/\/informacionlocal.es\/de\/wp-json\/wp\/v2\/media\/2083"}],"wp:attachment":[{"href":"https:\/\/informacionlocal.es\/de\/wp-json\/wp\/v2\/media?parent=2086"}],"wp:term":[{"taxonomy":"category","embeddable":true,"href":"https:\/\/informacionlocal.es\/de\/wp-json\/wp\/v2\/categories?post=2086"},{"taxonomy":"post_tag","embeddable":true,"href":"https:\/\/informacionlocal.es\/de\/wp-json\/wp\/v2\/tags?post=2086"}],"curies":[{"name":"wp","href":"https:\/\/api.w.org\/{rel}","templated":true}]}}