{"id":2074,"date":"2025-04-15T18:08:36","date_gmt":"2025-04-15T18:08:36","guid":{"rendered":"https:\/\/informacionlocal.es\/puerto-del-rosario-verwandelt-die-stadtbibliothek-in-einen-zugaenglichen-modernen-und-nachhaltigen-kulturraum\/"},"modified":"2025-04-15T18:08:36","modified_gmt":"2025-04-15T18:08:36","slug":"puerto-del-rosario-verwandelt-die-stadtbibliothek-in-einen-zugaenglichen-modernen-und-nachhaltigen-kulturraum","status":"publish","type":"post","link":"https:\/\/informacionlocal.es\/de\/puerto-del-rosario-verwandelt-die-stadtbibliothek-in-einen-zugaenglichen-modernen-und-nachhaltigen-kulturraum\/","title":{"rendered":"Puerto del Rosario verwandelt die Stadtbibliothek in einen zug\u00e4nglichen, modernen und nachhaltigen Kulturraum."},"content":{"rendered":"<div class=\"entry-content\">\n<p><strong>Mit einem Budget von 326.865 Euro und einer gesch\u00e4tzten Dauer von sieben Monaten wird die Renovierung es erm\u00f6glichen, diesen f\u00fcr die Gemeinde so wichtigen Raum an die Bed\u00fcrfnisse der Gemeinde anzupassen.<\/strong><\/p>\n<p><strong> <\/strong>Die Stadtverwaltung von Puerto del Rosario hat ein Projekt f\u00fcr die umfassende Umgestaltung der Stadtbibliothek auf den Weg gebracht, eine strategische Ma\u00dfnahme, die \u00fcber eine einfache architektonische Reform hinausgeht: Sie stellt ein festes Bekenntnis zur Kultur als treibende Kraft f\u00fcr soziale Entwicklung, Integration und kollektives Wohlbefinden dar.<\/p>\n<p>Das Projekt umfasst die Verbesserung der Zug\u00e4nglichkeit, des Komforts und der Energieeffizienz des zwischen den Stra\u00dfen Santo Tom\u00e1s de Aquino, Ramiro de Maeztu, Sagrado Coraz\u00f3n und der Fu\u00dfg\u00e4ngerzone Luis Vives gelegenen Gemeindegeb\u00e4udes. Mit einem <strong>Budget von 326.865 Euro<\/strong> und einer gesch\u00e4tzten Dauer von <strong>sieben Monaten<\/strong> wird die Umgestaltung es erm\u00f6glichen, diesen f\u00fcr die Gemeinde wichtigen Raum an die Bed\u00fcrfnisse der Gemeinde anzupassen. <\/p>\n<p>Die geplante Ma\u00dfnahme wird Probleme der Zug\u00e4nglichkeit und des Komforts l\u00f6sen und das Geb\u00e4ude so gestalten, dass alle B\u00fcrger es gleichberechtigt nutzen k\u00f6nnen.<\/p>\n<p>Der <strong>B\u00fcrgermeister von Puerto del Rosario, David de Vera<\/strong>, betonte: &#8222;Wer auf Kultur setzt, setzt auf die Seele einer Stadt. Mit dieser Renovierung gew\u00e4hrleisten wir nicht nur den allgemeinen Zugang zu einem wichtigen \u00f6ffentlichen Raum, sondern st\u00e4rken auch einen Treffpunkt, an dem Gedanken, Kreativit\u00e4t und Zusammenleben gedeihen&#8220;.<\/p>\n<p>Der <strong>Stadtrat f\u00fcr Kultur, Juan Manuel Verdugo<\/strong>, wies seinerseits darauf hin, dass &#8222;die Stadtbibliothek ein Ort ist, an dem Geschichten gewoben, Horizonte erweitert und B\u00fcrgerschaft aufgebaut wird. Sie zu erneuern bedeutet, unser Engagement f\u00fcr eine zug\u00e4ngliche, lebendige und transformative Kultur zu erneuern. Wir m\u00f6chten, dass alle unsere Nachbarn hier einen einladenden, modernen Raum vorfinden, der ihren Anliegen gerecht wird&#8220;.<\/p>\n<p>Mit dieser Ma\u00dfnahme unterstreicht der Stadtrat seine Vision von Kultur als Grundrecht und als Schl\u00fcsselinstrument f\u00fcr den sozialen Zusammenhalt. Die Stadtbibliothek wird nicht nur ein komfortablerer und funktionalerer Raum sein, sondern ein echtes <strong>kulturelles Epizentrum<\/strong>, offen, integrativ und dynamisch. <\/p>\n<\/div>\n","protected":false},"excerpt":{"rendered":"<p>Mit einem Budget von 326.865 Euro und einer gesch\u00e4tzten Dauer von sieben Monaten wird die Renovierung es erm\u00f6glichen, diesen f\u00fcr die Gemeinde so wichtigen Raum an die Bed\u00fcrfnisse der Gemeinde [&hellip;]<\/p>\n","protected":false},"author":1,"featured_media":2071,"comment_status":"open","ping_status":"open","sticky":false,"template":"","format":"standard","meta":{"inline_featured_image":false,"jnews-multi-image_gallery":[],"jnews_single_post":[],"jnews_primary_category":[],"jnews_social_meta":[],"jnews_override_counter":[],"jnews_post_split":[],"footnotes":""},"categories":[293],"tags":[],"class_list":["post-2074","post","type-post","status-publish","format-standard","has-post-thumbnail","hentry","category-puerto-del-rosario-de"],"jetpack_featured_media_url":"https:\/\/informacionlocal.es\/wp-content\/uploads\/2025\/04\/biblioteca-titu-acta-alcalde-y-verdugo.jpg","_links":{"self":[{"href":"https:\/\/informacionlocal.es\/de\/wp-json\/wp\/v2\/posts\/2074","targetHints":{"allow":["GET"]}}],"collection":[{"href":"https:\/\/informacionlocal.es\/de\/wp-json\/wp\/v2\/posts"}],"about":[{"href":"https:\/\/informacionlocal.es\/de\/wp-json\/wp\/v2\/types\/post"}],"author":[{"embeddable":true,"href":"https:\/\/informacionlocal.es\/de\/wp-json\/wp\/v2\/users\/1"}],"replies":[{"embeddable":true,"href":"https:\/\/informacionlocal.es\/de\/wp-json\/wp\/v2\/comments?post=2074"}],"version-history":[{"count":0,"href":"https:\/\/informacionlocal.es\/de\/wp-json\/wp\/v2\/posts\/2074\/revisions"}],"wp:featuredmedia":[{"embeddable":true,"href":"https:\/\/informacionlocal.es\/de\/wp-json\/wp\/v2\/media\/2071"}],"wp:attachment":[{"href":"https:\/\/informacionlocal.es\/de\/wp-json\/wp\/v2\/media?parent=2074"}],"wp:term":[{"taxonomy":"category","embeddable":true,"href":"https:\/\/informacionlocal.es\/de\/wp-json\/wp\/v2\/categories?post=2074"},{"taxonomy":"post_tag","embeddable":true,"href":"https:\/\/informacionlocal.es\/de\/wp-json\/wp\/v2\/tags?post=2074"}],"curies":[{"name":"wp","href":"https:\/\/api.w.org\/{rel}","templated":true}]}}