{"id":20723,"date":"2026-04-30T19:02:06","date_gmt":"2026-04-30T18:02:06","guid":{"rendered":"https:\/\/informacionlocal.es\/el-ayuntamiento-de-puerto-del-rosario-requiere-la-consejeria-de-economia-y-hacienda-del-gobierno-de-canarias-la-revocacion-del-informe-que-bloquea-las-ayudas-de-alquiler-para-jovenes-del-municipio\/"},"modified":"2026-04-30T19:02:06","modified_gmt":"2026-04-30T18:02:06","slug":"el-ayuntamiento-de-puerto-del-rosario-requiere-la-consejeria-de-economia-y-hacienda-del-gobierno-de-canarias-la-revocacion-del-informe-que-bloquea-las-ayudas-de-alquiler-para-jovenes-del-municipio","status":"publish","type":"post","link":"https:\/\/informacionlocal.es\/de\/el-ayuntamiento-de-puerto-del-rosario-requiere-la-consejeria-de-economia-y-hacienda-del-gobierno-de-canarias-la-revocacion-del-informe-que-bloquea-las-ayudas-de-alquiler-para-jovenes-del-municipio\/","title":{"rendered":"El Ayuntamiento de Puerto del Rosario requiere la Consejer\u00eda de Econom\u00eda y Hacienda del Gobierno de Canarias la revocaci\u00f3n del informe que bloquea las ayudas de alquiler para j\u00f3venes del municipio"},"content":{"rendered":"<div class=\"entry-content\">\n<ul>\n<li><span><strong>El Consistorio defiende su solvencia econ\u00f3mica y denuncia una interpretaci\u00f3n err\u00f3nea de la normativa que paraliza una medida clave para facilitar el acceso a la vivienda de j\u00f3venes menores de 35 a\u00f1os<\/strong><\/span><\/li>\n<\/ul>\n<p><span><strong>En Puerto del Rosario, a 30 de abril de 2026.-<\/strong> El Ayuntamiento de Puerto del Rosario ha presentado un requerimiento formal a la Viceconsejer\u00eda de Hacienda del Gobierno de Canarias para que revoque el informe desfavorable que impide la puesta en marcha de las \u00abAyudas para el pago de la fianza del alquiler para j\u00f3venes hasta 35 a\u00f1os\u00bb. El consistorio califica la decisi\u00f3n auton\u00f3mica como una \u00abinjerencia inaceptable\u00bb y una \u00abextralimitaci\u00f3n de competencias\u00bb que vulnera la autonom\u00eda local y perjudica directamente a los j\u00f3venes del municipio.<\/span><\/p>\n<p><span>El Alcalde, David de Vera, ha defendido con firmeza la gesti\u00f3n municipal, destacando la \u00bb s\u00f3lida salud financiera\u201d del Ayuntamiento, que cuenta con deuda cero, un remanente de tesorer\u00eda de casi 27 millones de euros y unas proyecciones trimestrales actuales que garantizan super\u00e1vit presupuestario en el presente ejercicio. \u00abEs incomprensible que, con esta solvencia, se nos pretenda imponer medidas coercitivas basadas en una interpretaci\u00f3n err\u00f3nea y desproporcionada de nuestra situaci\u00f3n financiera. No permitiremos que se menoscabe nuestra capacidad para gestionar los intereses de nuestros vecinos\u00bb, ha declarado el Alcalde, que dice \u201cponerse al frente de la instituci\u00f3n con la firme convicci\u00f3n de defender los intereses de los ciudadanos y ciudadanos de este municipio\u201d.<\/span><\/p>\n<p><span>El requerimiento, impulsado por el Primer Teniente Alcalde y Concejal de Econom\u00eda y Hacienda, Juan Manuel Verdugo, trata de desarmar los argumentos de la Viceconsejer\u00eda. Verdugo se\u00f1ala que el informe auton\u00f3mico \u00abignora de manera inexcusable la normativa estatal y auton\u00f3mica y en concreto el art\u00edculo 21 de la Ley de Estabilidad Presupuestaria, ya que exige la elaboraci\u00f3n de un nuevo Plan Econ\u00f3mico-Financiero (PEF) cuando ya existe uno en vigor para el periodo 2025-2026\u201d.<\/span><\/p>\n<p><span>Adem\u00e1s, el concejal subraya que el Presupuesto municipal para 2026, aprobado y en vigor, cumple escrupulosamente con los objetivos de estabilidad presupuestaria y la regla de gasto, como certifica el Interventor municipal en su informe de cumplimiento de reglas fiscales acompa\u00f1ado al expediente de Presupuestos de 2026. \u00abEl desequilibrio puntual de 2025 se debi\u00f3 al pago de una sentencia judicial de m\u00e1s de 6 millones de euros, un gasto extraordinario que no responde a un problema estructural por tanto. Imponer ahora una no disponibilidad de cr\u00e9dito contemplado en el presupuesto ordinario que no requiere de cr\u00e9ditos extraordinarios es una medida desproporcionada y carente de fundamento legal que atenta contra nuestra autonom\u00eda y podr\u00eda incluso constituir una discrecionalidad\u00bb, afirma Verdugo.<\/span><\/p>\n<p><span>Por su parte, la Concejala de Vivienda, To\u00f1i Fern\u00e1ndez, ha lamentado la paralizaci\u00f3n de una iniciativa social clave. \u00abEstas ayudas son esenciales para que nuestros j\u00f3venes puedan acceder a una vivienda y desarrollar su proyecto de vida en el municipio. Tenemos los recursos y la capacidad para implementarlas, y es frustrante e intolerable que una decisi\u00f3n administrativa injustificada frene una pol\u00edtica social tan necesaria en contra de los j\u00f3venes de nuestro municipio\u00bb.<\/span><\/p>\n<p><span>El Ayuntamiento ha manifestado que si en el plazo de un mes no se atiende el requerimiento y se revoca el informe desfavorable, interpondr\u00e1 el correspondiente recurso contencioso-administrativo para defender sus competencias y los intereses de la ciudadan\u00eda de Puerto del Rosario.<\/span><\/p>\n<\/div>\n","protected":false},"excerpt":{"rendered":"<p>El Consistorio defiende su solvencia econ\u00f3mica y denuncia una interpretaci\u00f3n err\u00f3nea de la normativa que paraliza una medida clave para facilitar el acceso a la vivienda de j\u00f3venes menores de [&hellip;]<\/p>\n","protected":false},"author":1,"featured_media":20725,"comment_status":"open","ping_status":"open","sticky":false,"template":"","format":"standard","meta":{"inline_featured_image":false,"jnews-multi-image_gallery":[],"jnews_single_post":[],"jnews_primary_category":[],"jnews_social_meta":[],"jnews_override_counter":[],"jnews_post_split":[],"footnotes":""},"categories":[61],"tags":[],"class_list":["post-20723","post","type-post","status-publish","format-standard","has-post-thumbnail","hentry","category-puerto-del-rosario"],"jetpack_featured_media_url":"https:\/\/informacionlocal.es\/wp-content\/uploads\/2026\/04\/requerimiento.png","_links":{"self":[{"href":"https:\/\/informacionlocal.es\/de\/wp-json\/wp\/v2\/posts\/20723","targetHints":{"allow":["GET"]}}],"collection":[{"href":"https:\/\/informacionlocal.es\/de\/wp-json\/wp\/v2\/posts"}],"about":[{"href":"https:\/\/informacionlocal.es\/de\/wp-json\/wp\/v2\/types\/post"}],"author":[{"embeddable":true,"href":"https:\/\/informacionlocal.es\/de\/wp-json\/wp\/v2\/users\/1"}],"replies":[{"embeddable":true,"href":"https:\/\/informacionlocal.es\/de\/wp-json\/wp\/v2\/comments?post=20723"}],"version-history":[{"count":0,"href":"https:\/\/informacionlocal.es\/de\/wp-json\/wp\/v2\/posts\/20723\/revisions"}],"wp:featuredmedia":[{"embeddable":true,"href":"https:\/\/informacionlocal.es\/de\/wp-json\/wp\/v2\/media\/20725"}],"wp:attachment":[{"href":"https:\/\/informacionlocal.es\/de\/wp-json\/wp\/v2\/media?parent=20723"}],"wp:term":[{"taxonomy":"category","embeddable":true,"href":"https:\/\/informacionlocal.es\/de\/wp-json\/wp\/v2\/categories?post=20723"},{"taxonomy":"post_tag","embeddable":true,"href":"https:\/\/informacionlocal.es\/de\/wp-json\/wp\/v2\/tags?post=20723"}],"curies":[{"name":"wp","href":"https:\/\/api.w.org\/{rel}","templated":true}]}}