{"id":20675,"date":"2026-04-30T01:03:36","date_gmt":"2026-04-30T00:03:36","guid":{"rendered":"https:\/\/informacionlocal.es\/el-ayuntamiento-de-pajara-informa-del-procedimiento-para-inscribirse-en-registro-de-vivienda-de-canarias\/"},"modified":"2026-04-30T01:03:36","modified_gmt":"2026-04-30T00:03:36","slug":"el-ayuntamiento-de-pajara-informa-del-procedimiento-para-inscribirse-en-registro-de-vivienda-de-canarias","status":"publish","type":"post","link":"https:\/\/informacionlocal.es\/de\/el-ayuntamiento-de-pajara-informa-del-procedimiento-para-inscribirse-en-registro-de-vivienda-de-canarias\/","title":{"rendered":"El Ayuntamiento de P\u00e1jara informa del procedimiento para inscribirse en Registro de Vivienda de Canarias"},"content":{"rendered":"<div class=\"entry-content\">\n<p><b><i>El Consistorio continuar\u00e1 ofreciendo este tr\u00e1mite en la tenencia de Alcald\u00eda de Costa Calma<\/i><\/b><\/p>\n<p><span>El Ayuntamiento de P\u00e1jara, a trav\u00e9s de la Concejal\u00eda de Vivienda, informa de las gestiones necesarias para que la ciudadan\u00eda del municipio pueda acceder al procedimiento de Registro de Vivienda de Canarias, cuyo tr\u00e1mite se hac\u00eda en Puerto del Rosario ahora se puede realizar en la Tenencia de Alcald\u00eda de la localidad de Costa Calma.<\/span><span><br \/><\/span><span><br \/><\/span><span>Este instrumento administrativo de car\u00e1cter gratuito est\u00e1 adscrito al Instituto Canario de la Vivienda y su objetivo es centralizar la demanda y gestionar la adjudicaci\u00f3n de vivienda p\u00fablica.<\/span><span><br \/><\/span><span><br \/><\/span><span>La concejala de Accesibilidad y Vivienda, Evangelina S\u00e1nchez, destaca que desde el Ayuntamiento de P\u00e1jara, para facilitar el acceso a los vecinos y vecinas a este procedimiento para posibilitar el acceso a una vivienda en r\u00e9gimen social, hemos habilitado un punto f\u00edsico en Costa Calma, evitando que tengan que desplazarse hacia Puerto del Rosario.<\/span><span><br \/><\/span><span><br \/><\/span><span>Podr\u00e1s presentar el tr\u00e1mite tanto de forma f\u00edsica en la Tenencia de Alcald\u00eda de Costa calma como en la p\u00e1gina del Instituto Canario de la Vivienda a trav\u00e9s del siguiente enlace: <\/span><span>https:\/\/www.gobiernodecanarias.org\/vivienda\/destacados\/rdvpc\/reg<\/span><\/p>\n<\/div>\n","protected":false},"excerpt":{"rendered":"<p><i>El Consistorio continuar\u00e1 ofreciendo este tr\u00e1mite en la tenencia de Alcald\u00eda de Costa Calma<\/i><\/p>\n","protected":false},"author":1,"featured_media":20677,"comment_status":"open","ping_status":"open","sticky":false,"template":"","format":"standard","meta":{"inline_featured_image":false,"jnews-multi-image_gallery":[],"jnews_single_post":[],"jnews_primary_category":[],"jnews_social_meta":[],"jnews_override_counter":[],"jnews_post_split":[],"footnotes":""},"categories":[63],"tags":[],"class_list":["post-20675","post","type-post","status-publish","format-standard","has-post-thumbnail","hentry","category-pajara"],"jetpack_featured_media_url":"https:\/\/informacionlocal.es\/wp-content\/uploads\/2026\/04\/nuevo-feed-insta-ayto-pajara-4.png","_links":{"self":[{"href":"https:\/\/informacionlocal.es\/de\/wp-json\/wp\/v2\/posts\/20675","targetHints":{"allow":["GET"]}}],"collection":[{"href":"https:\/\/informacionlocal.es\/de\/wp-json\/wp\/v2\/posts"}],"about":[{"href":"https:\/\/informacionlocal.es\/de\/wp-json\/wp\/v2\/types\/post"}],"author":[{"embeddable":true,"href":"https:\/\/informacionlocal.es\/de\/wp-json\/wp\/v2\/users\/1"}],"replies":[{"embeddable":true,"href":"https:\/\/informacionlocal.es\/de\/wp-json\/wp\/v2\/comments?post=20675"}],"version-history":[{"count":0,"href":"https:\/\/informacionlocal.es\/de\/wp-json\/wp\/v2\/posts\/20675\/revisions"}],"wp:featuredmedia":[{"embeddable":true,"href":"https:\/\/informacionlocal.es\/de\/wp-json\/wp\/v2\/media\/20677"}],"wp:attachment":[{"href":"https:\/\/informacionlocal.es\/de\/wp-json\/wp\/v2\/media?parent=20675"}],"wp:term":[{"taxonomy":"category","embeddable":true,"href":"https:\/\/informacionlocal.es\/de\/wp-json\/wp\/v2\/categories?post=20675"},{"taxonomy":"post_tag","embeddable":true,"href":"https:\/\/informacionlocal.es\/de\/wp-json\/wp\/v2\/tags?post=20675"}],"curies":[{"name":"wp","href":"https:\/\/api.w.org\/{rel}","templated":true}]}}