{"id":2062,"date":"2025-04-15T06:08:07","date_gmt":"2025-04-15T06:08:07","guid":{"rendered":"https:\/\/informacionlocal.es\/la-oliva-umweltverhalten-startet-die-kampagne-geniessen-ohne-spuren-zu-hinterlassen-um-das-bewusstsein-fuer-den-schutz-der-natuerlichen-umwelt-zu-schaerfen\/"},"modified":"2025-04-15T06:08:07","modified_gmt":"2025-04-15T06:08:07","slug":"la-oliva-umweltverhalten-startet-die-kampagne-geniessen-ohne-spuren-zu-hinterlassen-um-das-bewusstsein-fuer-den-schutz-der-natuerlichen-umwelt-zu-schaerfen","status":"publish","type":"post","link":"https:\/\/informacionlocal.es\/de\/la-oliva-umweltverhalten-startet-die-kampagne-geniessen-ohne-spuren-zu-hinterlassen-um-das-bewusstsein-fuer-den-schutz-der-natuerlichen-umwelt-zu-schaerfen\/","title":{"rendered":"La Oliva Umweltverhalten&#8220; startet die Kampagne &#8222;Genie\u00dfen, ohne Spuren zu hinterlassen&#8220;, um das Bewusstsein f\u00fcr den Schutz der nat\u00fcrlichen Umwelt zu sch\u00e4rfen."},"content":{"rendered":"<p>Die Stadtverwaltung von La Oliva startet \u00fcber die von David Fajardo geleitete Umweltabteilung in den Monaten April und Mai die Umweltkampagne &#8222;Genie\u00dfen, ohne Spuren zu hinterlassen&#8220;. Ziel ist es, das Bewusstsein der Einwohner und Besucher daf\u00fcr zu sch\u00e4rfen, wie wichtig es ist, die Naturgebiete der Gemeinde zu respektieren, vor allem in den Hochsaisonzeiten wie Ostern und zu Beginn der Sommersaison.   <\/p>\n<p>Die Initiative umfasst ein aussagekr\u00e4ftiges Werbevideo, das in sozialen Netzwerken, Bildungszentren, Touristeninformationsstellen und lokalen Medien ausgestrahlt wird und in dem die Figur des Umweltf\u00fchrers zusammen mit den Einwohnern der Gemeinde das Bewusstsein f\u00fcr den Schutz unserer Umwelt in den Mittelpunkt stellt. Darin vermitteln sie eine Botschaft der Liebe und des Respekts f\u00fcr Fuerteventura und erinnern uns daran, dass die Insel &#8222;der Zeit geh\u00f6rt und nicht uns&#8220;, und dass unser Fu\u00dfabdruck &#8211; so klein er auch erscheinen mag &#8211; irreversible Spuren hinterlassen kann. <\/p>\n<p>Eine Botschaft, die zu kollektiver Verantwortung aufruft  <\/p>\n<p>Mit einer emotionalen Erz\u00e4hlung prangert das Video Praktiken wie das Hinterlassen von Spuren, das Versetzen von Steinen oder das Sammeln gesch\u00fctzter Rhodolithen an und warnt vor den Auswirkungen dieser Handlungen auf die Umwelt: &#8222;Was manche als Erinnerungen bezeichnen, ist f\u00fcr die Insel ein gro\u00dfer Verlust&#8220;. Die Kampagne erinnert uns daran, dass das nat\u00fcrliche Gleichgewicht von jedem Einzelnen abh\u00e4ngt, und schlie\u00dft mit einem Aufruf zum Handeln: &#8222;Hinterlasse keine Spuren. Lasst uns sch\u00fctzen, was uns einzigartig macht&#8220;. <\/p>\n<p>Der B\u00fcrgermeister von La Oliva, Isa\u00ed Blanco, betonte: &#8222;Wir m\u00f6chten, dass sich die Besucher von La Oliva in die Sch\u00f6nheit des Ortes verlieben, aber auch verstehen, dass diese Sch\u00f6nheit zerbrechlich ist. Mit dieser Kampagne appellieren wir an das kollektive Engagement, damit jeder Schritt, den wir in unseren Naturr\u00e4umen machen, respektvoll und bewusst ist&#8220;.  <\/p>\n<p>Der Stadtrat f\u00fcr Umwelt, David Fajardo, betonte seinerseits: &#8222;Es ist wichtig, dass wir unser Verh\u00e4ltnis zur Natur \u00e4ndern. Kleine Gesten, wie keinen Stein zu verr\u00fccken, keine Muschel mitzunehmen oder die Wanderwege zu respektieren, haben eine gro\u00dfe Wirkung auf die Erhaltung unserer \u00d6kosysteme. Diese Kampagne im Rahmen des Aktionsplans &#8218;La Oliva &#8211; Umweltbewusstsein&#8216; soll dieses Bewusstsein bei jedem wecken, der unsere Str\u00e4nde und Berge betritt&#8220;.<\/p>\n","protected":false},"excerpt":{"rendered":"<p><span>Diese Aktion ist Teil eines Aktionsplans, der die Menschen mitten in der Osterzeit und am Vorabend des Sommers daran erinnern soll, wie wichtig es ist, die nat\u00fcrliche Umwelt Fuerteventuras zu sch\u00fctzen.<\/span><\/p>\n","protected":false},"author":1,"featured_media":2059,"comment_status":"open","ping_status":"open","sticky":false,"template":"","format":"standard","meta":{"inline_featured_image":false,"jnews-multi-image_gallery":[],"jnews_single_post":[],"jnews_primary_category":[],"jnews_social_meta":[],"jnews_override_counter":[],"jnews_post_split":[],"footnotes":""},"categories":[291],"tags":[216,199],"class_list":["post-2062","post","type-post","status-publish","format-standard","has-post-thumbnail","hentry","category-la-oliva-de","tag-fuerteventura-de","tag-umwelt"],"jetpack_featured_media_url":"https:\/\/informacionlocal.es\/wp-content\/uploads\/2025\/04\/5189_7571e9e4.png","_links":{"self":[{"href":"https:\/\/informacionlocal.es\/de\/wp-json\/wp\/v2\/posts\/2062","targetHints":{"allow":["GET"]}}],"collection":[{"href":"https:\/\/informacionlocal.es\/de\/wp-json\/wp\/v2\/posts"}],"about":[{"href":"https:\/\/informacionlocal.es\/de\/wp-json\/wp\/v2\/types\/post"}],"author":[{"embeddable":true,"href":"https:\/\/informacionlocal.es\/de\/wp-json\/wp\/v2\/users\/1"}],"replies":[{"embeddable":true,"href":"https:\/\/informacionlocal.es\/de\/wp-json\/wp\/v2\/comments?post=2062"}],"version-history":[{"count":0,"href":"https:\/\/informacionlocal.es\/de\/wp-json\/wp\/v2\/posts\/2062\/revisions"}],"wp:featuredmedia":[{"embeddable":true,"href":"https:\/\/informacionlocal.es\/de\/wp-json\/wp\/v2\/media\/2059"}],"wp:attachment":[{"href":"https:\/\/informacionlocal.es\/de\/wp-json\/wp\/v2\/media?parent=2062"}],"wp:term":[{"taxonomy":"category","embeddable":true,"href":"https:\/\/informacionlocal.es\/de\/wp-json\/wp\/v2\/categories?post=2062"},{"taxonomy":"post_tag","embeddable":true,"href":"https:\/\/informacionlocal.es\/de\/wp-json\/wp\/v2\/tags?post=2062"}],"curies":[{"name":"wp","href":"https:\/\/api.w.org\/{rel}","templated":true}]}}