{"id":20591,"date":"2026-04-28T20:02:07","date_gmt":"2026-04-28T19:02:07","guid":{"rendered":"https:\/\/informacionlocal.es\/los-jovenes-del-programa-noe-se-forman-en-servicio-publico-y-habilidades-personales-para-el-empleo\/"},"modified":"2026-04-28T20:02:07","modified_gmt":"2026-04-28T19:02:07","slug":"los-jovenes-del-programa-noe-se-forman-en-servicio-publico-y-habilidades-personales-para-el-empleo","status":"publish","type":"post","link":"https:\/\/informacionlocal.es\/de\/los-jovenes-del-programa-noe-se-forman-en-servicio-publico-y-habilidades-personales-para-el-empleo\/","title":{"rendered":"Los j\u00f3venes del programa NOE se forman en servicio p\u00fablico y habilidades personales para el empleo"},"content":{"rendered":"<div class=\"entry-content\"><strong>28 abril, 2026<\/strong><\/p>\n<p><strong>Los j\u00f3venes del programa NOE se forman en servicio p\u00fablico y habilidades personales para el empleo<\/strong><\/p>\n<p>Los participantes en pr\u00e1cticas del programa Nuevas Oportunidades de Empleo de Fuerteventura 2025, que trabajan durante un a\u00f1o en los diferentes departamentos del Cabildo de Fuerteventura, contin\u00faan recibiendo formaci\u00f3n en diferentes \u00e1mbitos, como acci\u00f3n complementaria dentro de este programa.<\/p>\n<p>Tras recibir formaci\u00f3n en igualdad, prevenci\u00f3n de riesgos laborales, sensibilizaci\u00f3n medioambiental y legislaci\u00f3n referente a las administraciones p\u00fablicas, los participantes de este programa de empleo han recibido formaci\u00f3n de servicio p\u00fablico y habilidades personales de cara a mejorar su inserci\u00f3n laboral, por parte de la jefa del servicio de Recursos Humanos del Cabildo de Fuerteventura.<\/p>\n<p>Desarrollada en el Centro Insular de Juventud, esta formaci\u00f3n se centr\u00f3 en el fortalecimiento de competencias clave para el desempe\u00f1o en el \u00e1mbito del servicio p\u00fablico, combinando contenidos te\u00f3ricos y pr\u00e1cticos orientados a la mejora de las habilidades personales y profesionales.<\/p>\n<p>La acci\u00f3n formativa incluy\u00f3 un recorrido por la normativa vigente que regula el acceso a la Administraci\u00f3n P\u00fablica, abordando las distintas v\u00edas de ingreso y las caracter\u00edsticas de las diferentes figuras profesionales, como el personal funcionario y laboral, facilitando una mejor comprensi\u00f3n del funcionamiento de las administraciones.<\/p>\n<p>Para finalizar el ciclo de charlas, se impartir\u00e1n sesiones centradas en las habilidades sociales y el liderazgo, en las que se trabajar\u00e1n competencias clave como la comunicaci\u00f3n interpersonal, la toma de decisiones y la gesti\u00f3n de equipos. Estas sesiones tendr\u00e1n un enfoque eminentemente pr\u00e1ctico, incorporando din\u00e1micas participativas como el\u00a0<em>role play<\/em>, que permitir\u00e1n al alumnado aplicar los conocimientos adquiridos en situaciones reales o simuladas.<\/p>\n<p><strong>Programa NOE<\/strong><\/p>\n<p>El programa Nuevas Oportunidades de Empleo 2025 pertenece a la Consejer\u00eda de Fomento del Empleo del Cabildo, que dirige Nuria Cabrera, ofrece una oportunidad laboral a casi una veintena de reci\u00e9n titulados universitarios y de formaci\u00f3n profesional. Los beneficiarios y beneficiarias trabajan durante un a\u00f1o en las diferentes \u00e1reas de la Corporaci\u00f3n insular, con una inversi\u00f3n de 1,1 millones de euros, adem\u00e1s de recibir la mencionada formaci\u00f3n complementaria.<\/p>\n<p>El programa Nuevas Oportunidades de Empleo de Fuerteventura 2025 es cofinanciado por el Servicio Canario de Empleo y el Fondo Social Europeo Plus, Programa FSE+ Canarias 2021-2027, con una tasa de cofinanciaci\u00f3n del 85%, dentro de las prioridades 1 (empleo, adaptabilidad, Emprendimiento y econom\u00eda social) y 5 (empleo juvenil). Adem\u00e1s de la cofinanciaci\u00f3n mencionada, la parte no subvencionable del proyecto, se cofinancia entre el Cabildo de Fuerteventura y el Gobierno de Canarias, a trav\u00e9s de los recursos del Fondo de Desarrollo de Canarias (FDCAN).<\/p>\n<\/div>\n","protected":false},"excerpt":{"rendered":"<p>28 abril, 2026 Los j\u00f3venes del programa NOE se forman en servicio p\u00fablico y habilidades personales para el empleo Los participantes en pr\u00e1cticas del programa Nuevas Oportunidades de Empleo de [&hellip;]<\/p>\n","protected":false},"author":1,"featured_media":20593,"comment_status":"open","ping_status":"open","sticky":false,"template":"","format":"standard","meta":{"inline_featured_image":false,"jnews-multi-image_gallery":[],"jnews_single_post":[],"jnews_primary_category":[],"jnews_social_meta":[],"jnews_override_counter":[],"jnews_post_split":[],"footnotes":""},"categories":[58],"tags":[82],"class_list":["post-20591","post","type-post","status-publish","format-standard","has-post-thumbnail","hentry","category-cabildo","tag-fuerteventura"],"jetpack_featured_media_url":"https:\/\/informacionlocal.es\/wp-content\/uploads\/2026\/04\/sfs.jpeg","_links":{"self":[{"href":"https:\/\/informacionlocal.es\/de\/wp-json\/wp\/v2\/posts\/20591","targetHints":{"allow":["GET"]}}],"collection":[{"href":"https:\/\/informacionlocal.es\/de\/wp-json\/wp\/v2\/posts"}],"about":[{"href":"https:\/\/informacionlocal.es\/de\/wp-json\/wp\/v2\/types\/post"}],"author":[{"embeddable":true,"href":"https:\/\/informacionlocal.es\/de\/wp-json\/wp\/v2\/users\/1"}],"replies":[{"embeddable":true,"href":"https:\/\/informacionlocal.es\/de\/wp-json\/wp\/v2\/comments?post=20591"}],"version-history":[{"count":0,"href":"https:\/\/informacionlocal.es\/de\/wp-json\/wp\/v2\/posts\/20591\/revisions"}],"wp:featuredmedia":[{"embeddable":true,"href":"https:\/\/informacionlocal.es\/de\/wp-json\/wp\/v2\/media\/20593"}],"wp:attachment":[{"href":"https:\/\/informacionlocal.es\/de\/wp-json\/wp\/v2\/media?parent=20591"}],"wp:term":[{"taxonomy":"category","embeddable":true,"href":"https:\/\/informacionlocal.es\/de\/wp-json\/wp\/v2\/categories?post=20591"},{"taxonomy":"post_tag","embeddable":true,"href":"https:\/\/informacionlocal.es\/de\/wp-json\/wp\/v2\/tags?post=20591"}],"curies":[{"name":"wp","href":"https:\/\/api.w.org\/{rel}","templated":true}]}}