{"id":20555,"date":"2026-04-28T16:03:11","date_gmt":"2026-04-28T15:03:11","guid":{"rendered":"https:\/\/informacionlocal.es\/la-pelicula-la-lucha-rodada-integramente-en-fuerteventura-arrasa-con-una-docena-de-premios-nacionales-e-internacionales\/"},"modified":"2026-04-28T16:03:11","modified_gmt":"2026-04-28T15:03:11","slug":"la-pelicula-la-lucha-rodada-integramente-en-fuerteventura-arrasa-con-una-docena-de-premios-nacionales-e-internacionales","status":"publish","type":"post","link":"https:\/\/informacionlocal.es\/de\/la-pelicula-la-lucha-rodada-integramente-en-fuerteventura-arrasa-con-una-docena-de-premios-nacionales-e-internacionales\/","title":{"rendered":"\ufeffLa pel\u00edcula \u2018La Lucha\u2019, rodada \u00edntegramente en Fuerteventura, arrasa con una docena de premios nacionales e internacionales"},"content":{"rendered":"<div class=\"entry-content\"><strong>28 abril, 2026<\/strong><\/p>\n<p><em><strong>En la \u00faltima semana, el largometraje de Jos\u00e9 Alay\u00f3n ha recibido premios en el festival BAFICI de Argentina y el Festival Internacional de Cine de Las Palmas de Gran Canaria<\/strong><\/em><\/p>\n<p>La pel\u00edcula\u00a0<em>La Lucha,\u00a0<\/em>rodada \u00edntegramente en Fuerteventura,ha recibido tres premios en el XXVII Festival Internacional de Cine Independiente de Buenos Aires (BAFICI), entre ellos el Premio Especial del Jurado en la competencia internacional, el galard\u00f3n a Mejor Direcci\u00f3n de Arte y el premio Signis. De esta manera, se convierte en el largometraje grabado en la isla majorera con mayor n\u00famero de galardones a nivel nacional e internacional, cosechando una docena de premios en todo el mundo.<\/p>\n<p>El cineasta canario Jos\u00e9 Alay\u00f3n ha recogido los premios este s\u00e1bado, 25 de abril, en la capital argentina. Su pel\u00edcula\u00a0<em>La Lucha\u00a0<\/em>fue la \u00fanica cinta espa\u00f1ola que particip\u00f3 en la competencia internacional de este festival de referencia internacional.<\/p>\n<p>A los premios cosechados en Argentina, se le suman dos nuevos galardones, obtenidos tambi\u00e9n en la \u00faltima semana, en el Festival Internacional de Cine de Las Palmas de Gran Canaria: Premio Richard Leacock al mejor largometraje y el\u00a0\u2060Premio CIMA de la secci\u00f3n Canarias Cinema a la montadora de Emma Tusell.<\/p>\n<p>La presidenta del Cabildo de Fuerteventura, Lola Garc\u00eda, y la consejera de Fuerteventura Film Commission, Nereida Calero, felicitan a Jos\u00e9 Alay\u00f3n y todas las personas que han trabajado en esta pel\u00edcula que fue rodada \u00edntegramente en la Isla, como cada vez hacen m\u00e1s producciones.<\/p>\n<p>\u201cEste tipo de reconocimientos internacionales son muy importantes para la isla y en el caso de\u00a0<em>La Lucha<\/em>\u00a0supone un doble orgullo: por un lado, promocionamos nuestros escenarios, nuestros paisajes, nuestra luz y el clima, y, por otro lado, se promociona adem\u00e1s la cultura e identidad majorera con algo tan nuestro como la lucha canaria\u201d, ha apuntado Nereida Calero.<\/p>\n<p>Asimismo, el rodaje de\u00a0<em>La Lucha<\/em>\u00a0cont\u00f3 con m\u00e1s de 300 figurantes, todos de Fuerteventura. La producci\u00f3n apost\u00f3 por trabajar con luchadores reales, lo que conllev\u00f3 un proceso de casting para la b\u00fasqueda de luchadores aut\u00e9nticos capaces de encarnar a los personajes.<\/p>\n<p><strong>Recorrido internacional<\/strong><\/p>\n<p>Desde su estreno en el Festival de Cine de San Sebasti\u00e1n, en septiembre de 2025, la pel\u00edcula\u00a0<em>La Lucha\u00a0<\/em>ha recorrido festivales por todo el mundo, lo que le ha valido<\/p>\n<p>la menci\u00f3n de honor del Jurado en la Mostra Internacional de cine de S\u00e3o Paulo (Brasil); el premio a la Mejor M\u00fasica en el Festival Cinespa\u00f1a Toulouse (Francia); el premio a la mejor pel\u00edcula y del jurado joven en el Efebo d\u2019Oro Film Festival de Palermo (Italia) y, en el Festival Internacional de Cine Punta del Este (Uruguay), los premios al Mejor director de la Competencia Iberoamericana en Ficci\u00f3n y el de la Asociaci\u00f3n de Cr\u00edticos de Cine del Uruguay (ACCU), que la reconoce como Mejor Pel\u00edcula. Igualmente, ha sido seleccionada para su presentaci\u00f3n en los festivales de cine de Thessaloniki (Grecia), Vancouver (Canad\u00e1), FIFIB Festival Internacional du Film Ind\u00e9pendant de Bordeaux (Francia) y Alice nella Citt\u00e0 (Italia).<\/p>\n<p>La pel\u00edcula es una coproducci\u00f3n internacional liderada por El Viaje Films, con la financiaci\u00f3n de MEDIA (subprograma de Europa Creativa), ICAA (Ministerio de Cultura), Ibermedia, Gobierno de Canarias, Promotur, Cabildo de Tenerife y la Televisi\u00f3n Canaria, con la producci\u00f3n asociada de Macaronesia Films.\u00a0<\/p>\n<\/div>\n","protected":false},"excerpt":{"rendered":"<p>28 abril, 2026 En la \u00faltima semana, el largometraje de Jos\u00e9 Alay\u00f3n ha recibido premios en el festival BAFICI de Argentina y el Festival Internacional de Cine de Las Palmas [&hellip;]<\/p>\n","protected":false},"author":1,"featured_media":20557,"comment_status":"open","ping_status":"open","sticky":false,"template":"","format":"standard","meta":{"inline_featured_image":false,"jnews-multi-image_gallery":[],"jnews_single_post":[],"jnews_primary_category":[],"jnews_social_meta":[],"jnews_override_counter":[],"jnews_post_split":[],"footnotes":""},"categories":[58],"tags":[82],"class_list":["post-20555","post","type-post","status-publish","format-standard","has-post-thumbnail","hentry","category-cabildo","tag-fuerteventura"],"jetpack_featured_media_url":"https:\/\/informacionlocal.es\/wp-content\/uploads\/2026\/04\/ddeg.jpeg","_links":{"self":[{"href":"https:\/\/informacionlocal.es\/de\/wp-json\/wp\/v2\/posts\/20555","targetHints":{"allow":["GET"]}}],"collection":[{"href":"https:\/\/informacionlocal.es\/de\/wp-json\/wp\/v2\/posts"}],"about":[{"href":"https:\/\/informacionlocal.es\/de\/wp-json\/wp\/v2\/types\/post"}],"author":[{"embeddable":true,"href":"https:\/\/informacionlocal.es\/de\/wp-json\/wp\/v2\/users\/1"}],"replies":[{"embeddable":true,"href":"https:\/\/informacionlocal.es\/de\/wp-json\/wp\/v2\/comments?post=20555"}],"version-history":[{"count":0,"href":"https:\/\/informacionlocal.es\/de\/wp-json\/wp\/v2\/posts\/20555\/revisions"}],"wp:featuredmedia":[{"embeddable":true,"href":"https:\/\/informacionlocal.es\/de\/wp-json\/wp\/v2\/media\/20557"}],"wp:attachment":[{"href":"https:\/\/informacionlocal.es\/de\/wp-json\/wp\/v2\/media?parent=20555"}],"wp:term":[{"taxonomy":"category","embeddable":true,"href":"https:\/\/informacionlocal.es\/de\/wp-json\/wp\/v2\/categories?post=20555"},{"taxonomy":"post_tag","embeddable":true,"href":"https:\/\/informacionlocal.es\/de\/wp-json\/wp\/v2\/tags?post=20555"}],"curies":[{"name":"wp","href":"https:\/\/api.w.org\/{rel}","templated":true}]}}